{"id":1893,"global_id":"espai-marx.net\/sacristan?id=1893","global_id_lineage":["espai-marx.net\/sacristan?id=1893"],"author":"6","status":"publish","date":"2025-09-29 02:16:29","date_utc":"2025-09-29 00:16:29","modified":"2025-11-11 17:17:03","modified_utc":"2025-11-11 16:17:03","url":"https:\/\/espai-marx.net\/sacristan\/?tribe_events=acto-sobre-sacristan-en-badajoz","rest_url":"https:\/\/espai-marx.net\/sacristan\/index.php?rest_route=\/tribe\/events\/v1\/events\/1893","title":"Acto en Badajoz con Miguel Manzanera y Jos\u00e9 Sarri\u00f3n","description":"<p>El Sindicato 25 de Marzo organizar\u00e1 una Jornada sobre Sacrist\u00e1n, con la participaci\u00f3n de Miguel Manzanera y Jos\u00e9 Sarri\u00f3n.<\/p>","excerpt":"","slug":"acto-sobre-sacristan-en-badajoz","image":{"url":"https:\/\/espai-marx.net\/sacristan\/wp-content\/uploads\/2025\/09\/572877499_18535695157062571_3347401391068426287_n.jpg","id":1951,"extension":"jpg","width":1080,"height":1080,"filesize":514238,"sizes":{"medium":{"width":300,"height":300,"mime-type":"image\/jpeg","filesize":26301,"url":"https:\/\/espai-marx.net\/sacristan\/wp-content\/uploads\/2025\/09\/572877499_18535695157062571_3347401391068426287_n-300x300.jpg"},"large":{"width":1024,"height":1024,"mime-type":"image\/jpeg","filesize":341036,"url":"https:\/\/espai-marx.net\/sacristan\/wp-content\/uploads\/2025\/09\/572877499_18535695157062571_3347401391068426287_n-1024x1024.jpg"},"thumbnail":{"width":150,"height":150,"mime-type":"image\/jpeg","filesize":7834,"url":"https:\/\/espai-marx.net\/sacristan\/wp-content\/uploads\/2025\/09\/572877499_18535695157062571_3347401391068426287_n-150x150.jpg"},"medium_large":{"width":768,"height":768,"mime-type":"image\/jpeg","filesize":174007,"url":"https:\/\/espai-marx.net\/sacristan\/wp-content\/uploads\/2025\/09\/572877499_18535695157062571_3347401391068426287_n-768x768.jpg"},"colormag-highlighted-post":{"width":392,"height":272,"mime-type":"image\/jpeg","filesize":31378,"url":"https:\/\/espai-marx.net\/sacristan\/wp-content\/uploads\/2025\/09\/572877499_18535695157062571_3347401391068426287_n-392x272.jpg"},"colormag-featured-post-medium":{"width":390,"height":205,"mime-type":"image\/jpeg","filesize":23276,"url":"https:\/\/espai-marx.net\/sacristan\/wp-content\/uploads\/2025\/09\/572877499_18535695157062571_3347401391068426287_n-390x205.jpg"},"colormag-featured-post-small":{"width":130,"height":90,"mime-type":"image\/jpeg","filesize":4670,"url":"https:\/\/espai-marx.net\/sacristan\/wp-content\/uploads\/2025\/09\/572877499_18535695157062571_3347401391068426287_n-130x90.jpg"},"colormag-featured-image":{"width":800,"height":445,"mime-type":"image\/jpeg","filesize":110299,"url":"https:\/\/espai-marx.net\/sacristan\/wp-content\/uploads\/2025\/09\/572877499_18535695157062571_3347401391068426287_n-800x445.jpg"},"colormag-default-news":{"width":150,"height":150,"mime-type":"image\/jpeg","filesize":7834,"url":"https:\/\/espai-marx.net\/sacristan\/wp-content\/uploads\/2025\/09\/572877499_18535695157062571_3347401391068426287_n-150x150.jpg"},"colormag-featured-image-large":{"width":1080,"height":600,"mime-type":"image\/jpeg","filesize":281592,"url":"https:\/\/espai-marx.net\/sacristan\/wp-content\/uploads\/2025\/09\/572877499_18535695157062571_3347401391068426287_n-1080x600.jpg"}}},"all_day":true,"start_date":"2025-11-15 00:00:00","start_date_details":{"year":"2025","month":"11","day":"15","hour":"00","minutes":"00","seconds":"00"},"end_date":"2025-11-15 23:59:59","end_date_details":{"year":"2025","month":"11","day":"15","hour":"23","minutes":"59","seconds":"59"},"utc_start_date":"2025-11-14 23:00:00","utc_start_date_details":{"year":"2025","month":"11","day":"14","hour":"23","minutes":"00","seconds":"00"},"utc_end_date":"2025-11-15 22:59:59","utc_end_date_details":{"year":"2025","month":"11","day":"15","hour":"22","minutes":"59","seconds":"59"},"timezone":"Europe\/Madrid","timezone_abbr":"CET","cost":"","cost_details":{"currency_symbol":"$","currency_code":"USD","currency_position":"prefix","values":[]},"website":"","show_map":true,"show_map_link":true,"hide_from_listings":false,"sticky":false,"featured":false,"categories":[],"tags":[],"venue":[],"organizer":[],"custom_fields":[],"json_ld":{"@context":"http:\/\/schema.org","@type":"Event","name":"Acto en Badajoz con Miguel Manzanera y Jos\u00e9 Sarri\u00f3n","description":"&lt;p&gt;El Sindicato 25 de Marzo organizar\u00e1 una Jornada sobre Sacrist\u00e1n, con la participaci\u00f3n de Miguel Manzanera y Jos\u00e9 Sarri\u00f3n.&lt;\/p&gt;\\n","image":"https:\/\/espai-marx.net\/sacristan\/wp-content\/uploads\/2025\/09\/572877499_18535695157062571_3347401391068426287_n.jpg","url":"https:\/\/espai-marx.net\/sacristan\/?tribe_events=acto-sobre-sacristan-en-badajoz","eventAttendanceMode":"https:\/\/schema.org\/OfflineEventAttendanceMode","eventStatus":"https:\/\/schema.org\/EventScheduled","startDate":"2025-11-15T00:00:00+01:00","endDate":"2025-11-15T23:59:59+01:00","performer":"Organization"}}