{"id":1924,"global_id":"espai-marx.net\/sacristan?id=1924","global_id_lineage":["espai-marx.net\/sacristan?id=1924"],"author":"4","status":"publish","date":"2025-10-26 23:22:04","date_utc":"2025-10-26 22:22:04","modified":"2025-10-26 23:22:33","modified_utc":"2025-10-26 22:22:33","url":"https:\/\/espai-marx.net\/sacristan\/?tribe_events=escuela-de-formacion-de-joventut-dels-comunistes-de-catalunya-con-victor-rios","rest_url":"https:\/\/espai-marx.net\/sacristan\/index.php?rest_route=\/tribe\/events\/v1\/events\/1924","title":"Escuela de formaci\u00f3n de Joventut dels Comunistes de Catalunya, con V\u00edctor R\u00edos","description":"","excerpt":"","slug":"escuela-de-formacion-de-joventut-dels-comunistes-de-catalunya-con-victor-rios","image":{"url":"https:\/\/espai-marx.net\/sacristan\/wp-content\/uploads\/2025\/10\/G37XnI8WgAESs3k.jpeg","id":1925,"extension":"jpeg","width":1024,"height":1280,"filesize":167226,"sizes":{"medium":{"width":240,"height":300,"mime-type":"image\/jpeg","filesize":18715,"url":"https:\/\/espai-marx.net\/sacristan\/wp-content\/uploads\/2025\/10\/G37XnI8WgAESs3k-240x300.jpeg"},"large":{"width":819,"height":1024,"mime-type":"image\/jpeg","filesize":108099,"url":"https:\/\/espai-marx.net\/sacristan\/wp-content\/uploads\/2025\/10\/G37XnI8WgAESs3k-819x1024.jpeg"},"thumbnail":{"width":150,"height":150,"mime-type":"image\/jpeg","filesize":8202,"url":"https:\/\/espai-marx.net\/sacristan\/wp-content\/uploads\/2025\/10\/G37XnI8WgAESs3k-150x150.jpeg"},"medium_large":{"width":768,"height":960,"mime-type":"image\/jpeg","filesize":98383,"url":"https:\/\/espai-marx.net\/sacristan\/wp-content\/uploads\/2025\/10\/G37XnI8WgAESs3k-768x960.jpeg"},"colormag-highlighted-post":{"width":392,"height":272,"mime-type":"image\/jpeg","filesize":25267,"url":"https:\/\/espai-marx.net\/sacristan\/wp-content\/uploads\/2025\/10\/G37XnI8WgAESs3k-392x272.jpeg"},"colormag-featured-post-medium":{"width":390,"height":205,"mime-type":"image\/jpeg","filesize":19860,"url":"https:\/\/espai-marx.net\/sacristan\/wp-content\/uploads\/2025\/10\/G37XnI8WgAESs3k-390x205.jpeg"},"colormag-featured-post-small":{"width":130,"height":90,"mime-type":"image\/jpeg","filesize":4744,"url":"https:\/\/espai-marx.net\/sacristan\/wp-content\/uploads\/2025\/10\/G37XnI8WgAESs3k-130x90.jpeg"},"colormag-featured-image":{"width":800,"height":445,"mime-type":"image\/jpeg","filesize":58107,"url":"https:\/\/espai-marx.net\/sacristan\/wp-content\/uploads\/2025\/10\/G37XnI8WgAESs3k-800x445.jpeg"},"colormag-default-news":{"width":150,"height":150,"mime-type":"image\/jpeg","filesize":8202,"url":"https:\/\/espai-marx.net\/sacristan\/wp-content\/uploads\/2025\/10\/G37XnI8WgAESs3k-150x150.jpeg"},"colormag-featured-image-large":{"width":1024,"height":600,"mime-type":"image\/jpeg","filesize":96221,"url":"https:\/\/espai-marx.net\/sacristan\/wp-content\/uploads\/2025\/10\/G37XnI8WgAESs3k-1024x600.jpeg"}}},"all_day":false,"start_date":"2025-10-26 16:00:00","start_date_details":{"year":"2025","month":"10","day":"26","hour":"16","minutes":"00","seconds":"00"},"end_date":"2025-10-26 16:00:00","end_date_details":{"year":"2025","month":"10","day":"26","hour":"16","minutes":"00","seconds":"00"},"utc_start_date":"2025-10-26 15:00:00","utc_start_date_details":{"year":"2025","month":"10","day":"26","hour":"15","minutes":"00","seconds":"00"},"utc_end_date":"2025-10-26 15:00:00","utc_end_date_details":{"year":"2025","month":"10","day":"26","hour":"15","minutes":"00","seconds":"00"},"timezone":"Europe\/Madrid","timezone_abbr":"CET","cost":"","cost_details":{"currency_symbol":"$","currency_code":"USD","currency_position":"prefix","values":[]},"website":"","show_map":true,"show_map_link":true,"hide_from_listings":false,"sticky":false,"featured":false,"categories":[],"tags":[],"venue":[],"organizer":[],"custom_fields":[],"json_ld":{"@context":"http:\/\/schema.org","@type":"Event","name":"Escuela de formaci\u00f3n de Joventut dels Comunistes de Catalunya, con V\u00edctor R\u00edos","description":"","image":"https:\/\/espai-marx.net\/sacristan\/wp-content\/uploads\/2025\/10\/G37XnI8WgAESs3k.jpeg","url":"https:\/\/espai-marx.net\/sacristan\/?tribe_events=escuela-de-formacion-de-joventut-dels-comunistes-de-catalunya-con-victor-rios","eventAttendanceMode":"https:\/\/schema.org\/OfflineEventAttendanceMode","eventStatus":"https:\/\/schema.org\/EventScheduled","startDate":"2025-10-26T16:00:00+01:00","endDate":"2025-10-26T16:00:00+01:00","performer":"Organization"}}