{"id":1935,"global_id":"espai-marx.net\/sacristan?id=1935","global_id_lineage":["espai-marx.net\/sacristan?id=1935"],"author":"4","status":"publish","date":"2025-11-11 16:51:11","date_utc":"2025-11-11 15:51:11","modified":"2025-11-11 16:51:11","modified_utc":"2025-11-11 15:51:11","url":"https:\/\/espai-marx.net\/sacristan\/?tribe_events=acto-en-mollet-del-valles-con-victor-rios","rest_url":"https:\/\/espai-marx.net\/sacristan\/index.php?rest_route=\/tribe\/events\/v1\/events\/1935","title":"Acto en Mollet del Vall\u00e8s con V\u00edctor R\u00edos","description":"","excerpt":"","slug":"acto-en-mollet-del-valles-con-victor-rios","image":{"url":"https:\/\/espai-marx.net\/sacristan\/wp-content\/uploads\/2025\/11\/5773934916855860370.jpg","id":1936,"extension":"jpg","width":1024,"height":1280,"filesize":100399,"sizes":{"medium":{"width":240,"height":300,"mime-type":"image\/jpeg","filesize":14305,"url":"https:\/\/espai-marx.net\/sacristan\/wp-content\/uploads\/2025\/11\/5773934916855860370-240x300.jpg"},"large":{"width":819,"height":1024,"mime-type":"image\/jpeg","filesize":73126,"url":"https:\/\/espai-marx.net\/sacristan\/wp-content\/uploads\/2025\/11\/5773934916855860370-819x1024.jpg"},"thumbnail":{"width":150,"height":150,"mime-type":"image\/jpeg","filesize":5871,"url":"https:\/\/espai-marx.net\/sacristan\/wp-content\/uploads\/2025\/11\/5773934916855860370-150x150.jpg"},"medium_large":{"width":768,"height":960,"mime-type":"image\/jpeg","filesize":68413,"url":"https:\/\/espai-marx.net\/sacristan\/wp-content\/uploads\/2025\/11\/5773934916855860370-768x960.jpg"},"colormag-highlighted-post":{"width":392,"height":272,"mime-type":"image\/jpeg","filesize":15911,"url":"https:\/\/espai-marx.net\/sacristan\/wp-content\/uploads\/2025\/11\/5773934916855860370-392x272.jpg"},"colormag-featured-post-medium":{"width":390,"height":205,"mime-type":"image\/jpeg","filesize":11038,"url":"https:\/\/espai-marx.net\/sacristan\/wp-content\/uploads\/2025\/11\/5773934916855860370-390x205.jpg"},"colormag-featured-post-small":{"width":130,"height":90,"mime-type":"image\/jpeg","filesize":3537,"url":"https:\/\/espai-marx.net\/sacristan\/wp-content\/uploads\/2025\/11\/5773934916855860370-130x90.jpg"},"colormag-featured-image":{"width":800,"height":445,"mime-type":"image\/jpeg","filesize":28774,"url":"https:\/\/espai-marx.net\/sacristan\/wp-content\/uploads\/2025\/11\/5773934916855860370-800x445.jpg"},"colormag-default-news":{"width":150,"height":150,"mime-type":"image\/jpeg","filesize":5871,"url":"https:\/\/espai-marx.net\/sacristan\/wp-content\/uploads\/2025\/11\/5773934916855860370-150x150.jpg"},"colormag-featured-image-large":{"width":1024,"height":600,"mime-type":"image\/jpeg","filesize":42940,"url":"https:\/\/espai-marx.net\/sacristan\/wp-content\/uploads\/2025\/11\/5773934916855860370-1024x600.jpg"}}},"all_day":false,"start_date":"2025-11-08 11:00:00","start_date_details":{"year":"2025","month":"11","day":"08","hour":"11","minutes":"00","seconds":"00"},"end_date":"2025-11-08 13:00:00","end_date_details":{"year":"2025","month":"11","day":"08","hour":"13","minutes":"00","seconds":"00"},"utc_start_date":"2025-11-08 10:00:00","utc_start_date_details":{"year":"2025","month":"11","day":"08","hour":"10","minutes":"00","seconds":"00"},"utc_end_date":"2025-11-08 12:00:00","utc_end_date_details":{"year":"2025","month":"11","day":"08","hour":"12","minutes":"00","seconds":"00"},"timezone":"Europe\/Madrid","timezone_abbr":"CET","cost":"","cost_details":{"currency_symbol":"$","currency_code":"USD","currency_position":"prefix","values":[]},"website":"","show_map":true,"show_map_link":true,"hide_from_listings":false,"sticky":false,"featured":false,"categories":[],"tags":[],"venue":[],"organizer":[],"custom_fields":[],"json_ld":{"@context":"http:\/\/schema.org","@type":"Event","name":"Acto en Mollet del Vall\u00e8s con V\u00edctor R\u00edos","description":"","image":"https:\/\/espai-marx.net\/sacristan\/wp-content\/uploads\/2025\/11\/5773934916855860370.jpg","url":"https:\/\/espai-marx.net\/sacristan\/?tribe_events=acto-en-mollet-del-valles-con-victor-rios","eventAttendanceMode":"https:\/\/schema.org\/OfflineEventAttendanceMode","eventStatus":"https:\/\/schema.org\/EventScheduled","startDate":"2025-11-08T11:00:00+01:00","endDate":"2025-11-08T13:00:00+01:00","performer":"Organization"}}