{"id":1938,"global_id":"espai-marx.net\/sacristan?id=1938","global_id_lineage":["espai-marx.net\/sacristan?id=1938"],"author":"4","status":"publish","date":"2025-11-11 16:55:33","date_utc":"2025-11-11 15:55:33","modified":"2025-11-11 16:55:33","modified_utc":"2025-11-11 15:55:33","url":"https:\/\/espai-marx.net\/sacristan\/?tribe_events=sessio-acim-sarria-manuel-sacristan-el-seu-pensament-en-la-crisi-social-politica-i-ecologica-actual","rest_url":"https:\/\/espai-marx.net\/sacristan\/index.php?rest_route=\/tribe\/events\/v1\/events\/1938","title":"Sessi\u00f3 ACIM Sarri\u00e0  Manuel Sacrist\u00e1n: el seu pensament en la crisi social pol\u00edtica i ecol\u00f2gica actual","description":"<p data-start=\"80\" data-end=\"95\"><strong data-start=\"80\" data-end=\"93\">Parlaran:<\/strong><\/p>\n<ul data-start=\"96\" data-end=\"197\">\n<li data-start=\"96\" data-end=\"113\">\n<p data-start=\"98\" data-end=\"113\">Miguel Candel<\/p>\n<\/li>\n<li data-start=\"114\" data-end=\"134\">\n<p data-start=\"116\" data-end=\"134\">Albert Corominas<\/p>\n<\/li>\n<li data-start=\"135\" data-end=\"161\">\n<p data-start=\"137\" data-end=\"161\">Jos\u00e9 Luis Mart\u00edn Ramos<\/p>\n<\/li>\n<li data-start=\"162\" data-end=\"177\">\n<p data-start=\"164\" data-end=\"177\">V\u00edctor R\u00edos<\/p>\n<\/li>\n<li data-start=\"178\" data-end=\"197\">\n<p data-start=\"180\" data-end=\"197\">Joaquim Sempere<\/p>\n<\/li>\n<\/ul>\n<p data-start=\"199\" data-end=\"271\" data-is-last-node=\"\" data-is-only-node=\"\"><strong data-start=\"199\" data-end=\"232\">\u00a0\ufe0f Dijous, 13 de novembre \u00b7 18 h<\/strong><\/p>\n<p>\u00a0Casa Orlandai, Jaume Piquet 23<\/p>\n<p>V\u00eda zoom: <a href=\"https:\/\/us05web.zoom.us\/postattendee?mn=0NBi0dZjmelHsdO52C1qMmADAsHo37LCJ0M0.1YTHV\">https:\/\/us05web.zoom.us\/postattendee?mn=0NBi0dZjmelHsdO52C1qMmADAsHo37LCJ0M0.1YTHV<\/a><\/p>\n<p>Organiza: Associaci\u00f3 Catalana d&#8217;Investigacions Marxistes (ACIM) <a href=\"https:\/\/bsky.app\/profile\/acimarxistes.bsky.social\">https:\/\/bsky.app\/profile\/acimarxistes.bsky.social<\/a><\/p>","excerpt":"","slug":"sessio-acim-sarria-manuel-sacristan-el-seu-pensament-en-la-crisi-social-politica-i-ecologica-actual","image":false,"all_day":false,"start_date":"2025-11-13 18:00:00","start_date_details":{"year":"2025","month":"11","day":"13","hour":"18","minutes":"00","seconds":"00"},"end_date":"2025-11-13 20:00:00","end_date_details":{"year":"2025","month":"11","day":"13","hour":"20","minutes":"00","seconds":"00"},"utc_start_date":"2025-11-13 17:00:00","utc_start_date_details":{"year":"2025","month":"11","day":"13","hour":"17","minutes":"00","seconds":"00"},"utc_end_date":"2025-11-13 19:00:00","utc_end_date_details":{"year":"2025","month":"11","day":"13","hour":"19","minutes":"00","seconds":"00"},"timezone":"Europe\/Madrid","timezone_abbr":"CET","cost":"","cost_details":{"currency_symbol":"$","currency_code":"USD","currency_position":"prefix","values":[]},"website":"","show_map":true,"show_map_link":true,"hide_from_listings":false,"sticky":false,"featured":false,"categories":[],"tags":[],"venue":[],"organizer":[],"custom_fields":[],"json_ld":{"@context":"http:\/\/schema.org","@type":"Event","name":"Sessi\u00f3 ACIM Sarri\u00e0  Manuel Sacrist\u00e1n: el seu pensament en la crisi social pol\u00edtica i ecol\u00f2gica actual","description":"&lt;p&gt;Parlaran: Miguel Candel Albert Corominas Jos\u00e9 Luis Mart\u00edn Ramos V\u00edctor R\u00edos Joaquim Sempere \u00a0\ufe0f Dijous, 13 de novembre \u00b7 18&lt;\/p&gt;\\n","url":"https:\/\/espai-marx.net\/sacristan\/?tribe_events=sessio-acim-sarria-manuel-sacristan-el-seu-pensament-en-la-crisi-social-politica-i-ecologica-actual","eventAttendanceMode":"https:\/\/schema.org\/OfflineEventAttendanceMode","eventStatus":"https:\/\/schema.org\/EventScheduled","startDate":"2025-11-13T18:00:00+01:00","endDate":"2025-11-13T20:00:00+01:00","performer":"Organization"}}