{"id":1943,"global_id":"espai-marx.net\/sacristan?id=1943","global_id_lineage":["espai-marx.net\/sacristan?id=1943"],"author":"4","status":"publish","date":"2025-11-11 17:01:10","date_utc":"2025-11-11 16:01:10","modified":"2025-11-11 17:01:57","modified_utc":"2025-11-11 16:01:57","url":"https:\/\/espai-marx.net\/sacristan\/?tribe_events=jornadas-memoria-y-vigencia-de-manuel-sacristan-en-barcelona","rest_url":"https:\/\/espai-marx.net\/sacristan\/index.php?rest_route=\/tribe\/events\/v1\/events\/1943","title":"Jornadas \u00abMemoria y vigencia de Manuel Sacrist\u00e1n\u00bb en Barcelona","description":"<p data-start=\"136\" data-end=\"472\"><strong data-start=\"136\" data-end=\"178\">Mem\u00f2ria i vig\u00e8ncia de Manuel Sacrist\u00e1n<\/strong> \u00e9s un cicle de dues sessions dedicat a revisitar el pensament, l\u2019obra i l\u2019actualitat intel\u00b7lectual de Manuel Sacrist\u00e1n des de diferents mirades acad\u00e8miques i cr\u00edtiques. L\u2019acte est\u00e0 organitzat per la <strong data-start=\"378\" data-end=\"402\">Fundaci\u00f3 Neus Catal\u00e0<\/strong>, el grup de recerca <strong data-start=\"423\" data-end=\"437\">GRECS (UB)<\/strong> i la <strong data-start=\"443\" data-end=\"471\">Universitat de Barcelona<\/strong>.<\/p>\n<p data-start=\"474\" data-end=\"642\">Les jornades tindran lloc els dies <strong data-start=\"509\" data-end=\"530\">2 i 3 de desembre<\/strong> a la <strong data-start=\"536\" data-end=\"569\">Sala Jane Addams (UB \u2013 Raval)<\/strong> i comptaran amb la participaci\u00f3 d\u2019especialistes de diverses disciplines.<\/p>\n<p data-start=\"644\" data-end=\"891\">El <strong data-start=\"647\" data-end=\"664\">2 de desembre<\/strong>, despr\u00e9s de la presentaci\u00f3 a c\u00e0rrec de <strong data-start=\"704\" data-end=\"722\">Manuel Delgado<\/strong> i <strong data-start=\"725\" data-end=\"742\">Ricard Ribera<\/strong>, intervindran:<br data-start=\"757\" data-end=\"760\" \/>\u2014 <strong data-start=\"762\" data-end=\"783\">Jos\u00e9 D\u00edez Calzada<\/strong><br data-start=\"783\" data-end=\"786\" \/>\u2014 <strong data-start=\"788\" data-end=\"805\">Luc\u00eda Aliagas<\/strong><br data-start=\"805\" data-end=\"808\" \/>\u2014 <strong data-start=\"810\" data-end=\"831\">Roger Castellanos<\/strong><br data-start=\"831\" data-end=\"834\" \/>\u2014 <strong data-start=\"836\" data-end=\"853\">Sof\u00eda Lorenzo<\/strong><br data-start=\"853\" data-end=\"856\" \/>\u2014 <strong data-start=\"858\" data-end=\"871\">Jordi Mir<\/strong><br data-start=\"871\" data-end=\"874\" \/>\u2014 <strong data-start=\"876\" data-end=\"891\">V\u00edctor R\u00edos<\/strong><\/p>\n<p data-start=\"893\" data-end=\"1083\">El <strong data-start=\"896\" data-end=\"913\">3 de desembre<\/strong>, la sessi\u00f3 \u201cCi\u00e8ncia, marxisme, ecologia i pacifisme\u201d reunir\u00e0:<br data-start=\"975\" data-end=\"978\" \/>\u2014 <strong data-start=\"980\" data-end=\"1008\">Manuel Garc\u00eda-Carpintero<\/strong><br data-start=\"1008\" data-end=\"1011\" \/>\u2014 <strong data-start=\"1013\" data-end=\"1032\">Joaquim Sempere<\/strong><br data-start=\"1032\" data-end=\"1035\" \/>\u2014 <strong data-start=\"1037\" data-end=\"1059\">Jos\u00e9 Luis Gordillo<\/strong><br data-start=\"1059\" data-end=\"1062\" \/>\u2014 <strong data-start=\"1064\" data-end=\"1083\">Cristina Bedmar<\/strong><\/p>\n<p data-start=\"1085\" data-end=\"1189\" data-is-last-node=\"\" data-is-only-node=\"\">Un espai per reflexionar sobre el llegat de Sacrist\u00e1n i la seva rellev\u00e0ncia en els debats contemporanis.<\/p>","excerpt":"","slug":"jornadas-memoria-y-vigencia-de-manuel-sacristan-en-barcelona","image":{"url":"https:\/\/espai-marx.net\/sacristan\/wp-content\/uploads\/2025\/11\/5807460907582426002.jpg","id":1944,"extension":"jpg","width":1024,"height":1280,"filesize":231308,"sizes":{"medium":{"width":240,"height":300,"mime-type":"image\/jpeg","filesize":23817,"url":"https:\/\/espai-marx.net\/sacristan\/wp-content\/uploads\/2025\/11\/5807460907582426002-240x300.jpg"},"large":{"width":819,"height":1024,"mime-type":"image\/jpeg","filesize":153153,"url":"https:\/\/espai-marx.net\/sacristan\/wp-content\/uploads\/2025\/11\/5807460907582426002-819x1024.jpg"},"thumbnail":{"width":150,"height":150,"mime-type":"image\/jpeg","filesize":8062,"url":"https:\/\/espai-marx.net\/sacristan\/wp-content\/uploads\/2025\/11\/5807460907582426002-150x150.jpg"},"medium_large":{"width":768,"height":960,"mime-type":"image\/jpeg","filesize":140594,"url":"https:\/\/espai-marx.net\/sacristan\/wp-content\/uploads\/2025\/11\/5807460907582426002-768x960.jpg"},"colormag-highlighted-post":{"width":392,"height":272,"mime-type":"image\/jpeg","filesize":30941,"url":"https:\/\/espai-marx.net\/sacristan\/wp-content\/uploads\/2025\/11\/5807460907582426002-392x272.jpg"},"colormag-featured-post-medium":{"width":390,"height":205,"mime-type":"image\/jpeg","filesize":23041,"url":"https:\/\/espai-marx.net\/sacristan\/wp-content\/uploads\/2025\/11\/5807460907582426002-390x205.jpg"},"colormag-featured-post-small":{"width":130,"height":90,"mime-type":"image\/jpeg","filesize":4282,"url":"https:\/\/espai-marx.net\/sacristan\/wp-content\/uploads\/2025\/11\/5807460907582426002-130x90.jpg"},"colormag-featured-image":{"width":800,"height":445,"mime-type":"image\/jpeg","filesize":70370,"url":"https:\/\/espai-marx.net\/sacristan\/wp-content\/uploads\/2025\/11\/5807460907582426002-800x445.jpg"},"colormag-default-news":{"width":150,"height":150,"mime-type":"image\/jpeg","filesize":8062,"url":"https:\/\/espai-marx.net\/sacristan\/wp-content\/uploads\/2025\/11\/5807460907582426002-150x150.jpg"},"colormag-featured-image-large":{"width":1024,"height":600,"mime-type":"image\/jpeg","filesize":113813,"url":"https:\/\/espai-marx.net\/sacristan\/wp-content\/uploads\/2025\/11\/5807460907582426002-1024x600.jpg"}}},"all_day":false,"start_date":"2025-12-02 16:30:00","start_date_details":{"year":"2025","month":"12","day":"02","hour":"16","minutes":"30","seconds":"00"},"end_date":"2025-12-03 18:00:00","end_date_details":{"year":"2025","month":"12","day":"03","hour":"18","minutes":"00","seconds":"00"},"utc_start_date":"2025-12-02 15:30:00","utc_start_date_details":{"year":"2025","month":"12","day":"02","hour":"15","minutes":"30","seconds":"00"},"utc_end_date":"2025-12-03 17:00:00","utc_end_date_details":{"year":"2025","month":"12","day":"03","hour":"17","minutes":"00","seconds":"00"},"timezone":"Europe\/Madrid","timezone_abbr":"CET","cost":"","cost_details":{"currency_symbol":"$","currency_code":"USD","currency_position":"prefix","values":[]},"website":"","show_map":true,"show_map_link":true,"hide_from_listings":false,"sticky":false,"featured":false,"categories":[],"tags":[],"venue":[],"organizer":[],"custom_fields":[],"json_ld":{"@context":"http:\/\/schema.org","@type":"Event","name":"Jornadas \u00abMemoria y vigencia de Manuel Sacrist\u00e1n\u00bb en Barcelona","description":"&lt;p&gt;Mem\u00f2ria i vig\u00e8ncia de Manuel Sacrist\u00e1n \u00e9s un cicle de dues sessions dedicat a revisitar el pensament, l\u2019obra i l\u2019actualitat&lt;\/p&gt;\\n","image":"https:\/\/espai-marx.net\/sacristan\/wp-content\/uploads\/2025\/11\/5807460907582426002.jpg","url":"https:\/\/espai-marx.net\/sacristan\/?tribe_events=jornadas-memoria-y-vigencia-de-manuel-sacristan-en-barcelona","eventAttendanceMode":"https:\/\/schema.org\/OfflineEventAttendanceMode","eventStatus":"https:\/\/schema.org\/EventScheduled","startDate":"2025-12-02T16:30:00+01:00","endDate":"2025-12-03T18:00:00+01:00","performer":"Organization"}}