{"id":1946,"global_id":"espai-marx.net\/sacristan?id=1946","global_id_lineage":["espai-marx.net\/sacristan?id=1946"],"author":"4","status":"publish","date":"2025-11-11 17:05:54","date_utc":"2025-11-11 16:05:54","modified":"2025-11-11 17:06:14","modified_utc":"2025-11-11 16:06:14","url":"https:\/\/espai-marx.net\/sacristan\/?tribe_events=xerrada-manuel-sacristan-ecologisme-pacifisme-i-socialisme-con-victor-rios-y-sofia-lorenzo","rest_url":"https:\/\/espai-marx.net\/sacristan\/index.php?rest_route=\/tribe\/events\/v1\/events\/1946","title":"Xerrada: \u00abManuel Sacrist\u00e1n. Ecologisme, pacifisme i socialisme\u00bb, con Victor R\u00edos y Sof\u00eda Lorenzo","description":"<p data-start=\"203\" data-end=\"584\">Amb motiu del centenari del naixement del fil\u00f2sof Manuel Sacrist\u00e1n, aquesta xerrada ofereix una oportunitat per acostar-nos al seu pensament i a la seva traject\u00f2ria intel\u00b7lectual. A trav\u00e9s d\u2019una conversa oberta, <strong data-start=\"415\" data-end=\"430\">V\u00edctor R\u00edos<\/strong> i <strong data-start=\"433\" data-end=\"450\">Sof\u00eda Lorenzo <\/strong>abordaran alguns dels eixos centrals de la seva obra: el comprom\u00eds ecol\u00f2gic, la defensa del pacifisme i la seva visi\u00f3 del socialisme.<\/p>\n<p data-start=\"586\" data-end=\"733\">L\u2019acte est\u00e0 organitzat per la <strong data-start=\"616\" data-end=\"640\">Fundaci\u00f3 Neus Catal\u00e0<\/strong> i la llibreria cooperativa <strong data-start=\"668\" data-end=\"684\">El Soterrani<\/strong>, amb el suport de la <strong data-start=\"706\" data-end=\"732\">Diputaci\u00f3 de Tarragona<\/strong>.<\/p>\n<p data-start=\"735\" data-end=\"763\" data-is-last-node=\"\" data-is-only-node=\"\"><strong data-start=\"735\" data-end=\"763\" data-is-last-node=\"\">21 de novembre \u00b7 18.30 h<\/strong><\/p>","excerpt":"","slug":"xerrada-manuel-sacristan-ecologisme-pacifisme-i-socialisme-con-victor-rios-y-sofia-lorenzo","image":{"url":"https:\/\/espai-marx.net\/sacristan\/wp-content\/uploads\/2025\/11\/5807460907582426003.jpg","id":1947,"extension":"jpg","width":1024,"height":1280,"filesize":107475,"sizes":{"medium":{"width":240,"height":300,"mime-type":"image\/jpeg","filesize":13119,"url":"https:\/\/espai-marx.net\/sacristan\/wp-content\/uploads\/2025\/11\/5807460907582426003-240x300.jpg"},"large":{"width":819,"height":1024,"mime-type":"image\/jpeg","filesize":75279,"url":"https:\/\/espai-marx.net\/sacristan\/wp-content\/uploads\/2025\/11\/5807460907582426003-819x1024.jpg"},"thumbnail":{"width":150,"height":150,"mime-type":"image\/jpeg","filesize":5656,"url":"https:\/\/espai-marx.net\/sacristan\/wp-content\/uploads\/2025\/11\/5807460907582426003-150x150.jpg"},"medium_large":{"width":768,"height":960,"mime-type":"image\/jpeg","filesize":69515,"url":"https:\/\/espai-marx.net\/sacristan\/wp-content\/uploads\/2025\/11\/5807460907582426003-768x960.jpg"},"colormag-highlighted-post":{"width":392,"height":272,"mime-type":"image\/jpeg","filesize":16942,"url":"https:\/\/espai-marx.net\/sacristan\/wp-content\/uploads\/2025\/11\/5807460907582426003-392x272.jpg"},"colormag-featured-post-medium":{"width":390,"height":205,"mime-type":"image\/jpeg","filesize":11234,"url":"https:\/\/espai-marx.net\/sacristan\/wp-content\/uploads\/2025\/11\/5807460907582426003-390x205.jpg"},"colormag-featured-post-small":{"width":130,"height":90,"mime-type":"image\/jpeg","filesize":3289,"url":"https:\/\/espai-marx.net\/sacristan\/wp-content\/uploads\/2025\/11\/5807460907582426003-130x90.jpg"},"colormag-featured-image":{"width":800,"height":445,"mime-type":"image\/jpeg","filesize":30828,"url":"https:\/\/espai-marx.net\/sacristan\/wp-content\/uploads\/2025\/11\/5807460907582426003-800x445.jpg"},"colormag-default-news":{"width":150,"height":150,"mime-type":"image\/jpeg","filesize":5656,"url":"https:\/\/espai-marx.net\/sacristan\/wp-content\/uploads\/2025\/11\/5807460907582426003-150x150.jpg"},"colormag-featured-image-large":{"width":1024,"height":600,"mime-type":"image\/jpeg","filesize":49042,"url":"https:\/\/espai-marx.net\/sacristan\/wp-content\/uploads\/2025\/11\/5807460907582426003-1024x600.jpg"}}},"all_day":false,"start_date":"2025-11-21 18:30:00","start_date_details":{"year":"2025","month":"11","day":"21","hour":"18","minutes":"30","seconds":"00"},"end_date":"2025-11-21 20:30:00","end_date_details":{"year":"2025","month":"11","day":"21","hour":"20","minutes":"30","seconds":"00"},"utc_start_date":"2025-11-21 17:30:00","utc_start_date_details":{"year":"2025","month":"11","day":"21","hour":"17","minutes":"30","seconds":"00"},"utc_end_date":"2025-11-21 19:30:00","utc_end_date_details":{"year":"2025","month":"11","day":"21","hour":"19","minutes":"30","seconds":"00"},"timezone":"Europe\/Madrid","timezone_abbr":"CET","cost":"","cost_details":{"currency_symbol":"$","currency_code":"USD","currency_position":"prefix","values":[]},"website":"","show_map":true,"show_map_link":true,"hide_from_listings":false,"sticky":false,"featured":false,"categories":[],"tags":[],"venue":[],"organizer":[],"custom_fields":[],"json_ld":{"@context":"http:\/\/schema.org","@type":"Event","name":"Xerrada: \u00abManuel Sacrist\u00e1n. Ecologisme, pacifisme i socialisme\u00bb, con Victor R\u00edos y Sof\u00eda Lorenzo","description":"&lt;p&gt;Amb motiu del centenari del naixement del fil\u00f2sof Manuel Sacrist\u00e1n, aquesta xerrada ofereix una oportunitat per acostar-nos al seu pensament&lt;\/p&gt;\\n","image":"https:\/\/espai-marx.net\/sacristan\/wp-content\/uploads\/2025\/11\/5807460907582426003.jpg","url":"https:\/\/espai-marx.net\/sacristan\/?tribe_events=xerrada-manuel-sacristan-ecologisme-pacifisme-i-socialisme-con-victor-rios-y-sofia-lorenzo","eventAttendanceMode":"https:\/\/schema.org\/OfflineEventAttendanceMode","eventStatus":"https:\/\/schema.org\/EventScheduled","startDate":"2025-11-21T18:30:00+01:00","endDate":"2025-11-21T20:30:00+01:00","performer":"Organization"}}