{"id":1264,"date":"2025-01-20T07:47:53","date_gmt":"2025-01-20T07:47:53","guid":{"rendered":"https:\/\/espai-marx.net\/sacristan\/?p=1264"},"modified":"2025-01-17T09:51:48","modified_gmt":"2025-01-17T09:51:48","slug":"libro-el-legado-de-un-maestro","status":"publish","type":"post","link":"https:\/\/espai-marx.net\/sacristan\/?p=1264","title":{"rendered":"Libro \u00abEl legado de un maestro\u00bb"},"content":{"rendered":"<p>En noviembre de 2005, coincidiendo con el vig\u00e9simo aniversario de la muerte de Manuel Sacrist\u00e1n, se celebraron unas jornadas conmemorativas que reunieron a acad\u00e9micos, activistas y ciudadanos interesados en mantener vivo el legado de este pensador excepcional. El resultado de esas jornadas es el libro <strong>\u00abEl legado de un maestro\u00bb<\/strong>, una obra colectiva que explora desde m\u00faltiples perspectivas la vida, el pensamiento y la acci\u00f3n de quien ha sido considerado uno de los intelectuales marxistas m\u00e1s relevantes del siglo XX en Espa\u00f1a.<\/p>\n<h1 style=\"text-align: center;\"><strong>DESCARGA EL LIBRO\u00a0<a href=\"http:\/\/espai-marx.net\/sacristan\/wp-content\/uploads\/2025\/01\/El_legado_de_un_maestro.pdf\">El_legado_de_un_maestro<\/a><\/strong><\/h1>\n<p>El homenaje, organizado por la Fundaci\u00f3n de Investigaciones Marxistas (FIM) y la Associaci\u00f3 Catalana d\u2019Investigacions Marxistes (ACIM), cont\u00f3 con el apoyo de las universidades p\u00fablicas barcelonesas (Universidad de Barcelona, Universidad Aut\u00f3noma de Barcelona, Universidad Pompeu Fabra y Universidad Polit\u00e9cnica de Catalu\u00f1a) y la colaboraci\u00f3n de revistas como <em>El Viejo Topo<\/em> y <em>mientras tanto<\/em>. Durante tres d\u00edas, el Paraninfo de la UB y su Facultad de Econ\u00f3micas acogieron debates, ponencias y proyecciones que rindieron tributo a la amplitud intelectual y el compromiso \u00e9tico de Sacrist\u00e1n.<\/p>\n<p>El libro <a href=\"http:\/\/espai-marx.net\/sacristan\/wp-content\/uploads\/2025\/01\/El_legado_de_un_maestro.pdf\">El_legado_de_un_maestro<\/a>, editado por Salvador L\u00f3pez Arnal e I\u00f1aki V\u00e1zquez \u00c1lvarez, recoge las intervenciones presentadas durante las jornadas, adem\u00e1s de incluir textos adicionales de autores que, por diversas razones, no pudieron participar en el evento. En sus p\u00e1ginas se abordan temas que van desde la l\u00f3gica y la filosof\u00eda de la ciencia hasta el marxismo, el ecologismo y la literatura, evidenciando la extraordinaria diversidad de intereses que caracterizaron a Manuel Sacrist\u00e1n.<\/p>\n<p>La obra est\u00e1 dividida en ocho secciones:<\/p>\n<ul>\n<li><strong>Acto inaugural<\/strong>, que incluye las intervenciones de V\u00edctor R\u00edos y Gabriel Vargas Lozano.<\/li>\n<li><strong>Conferencias<\/strong>, con las presentaciones centrales de Juan-Ram\u00f3n Capella y Francisco Fern\u00e1ndez Buey.<\/li>\n<li>Cuatro cap\u00edtulos tem\u00e1ticos dedicados a <strong>Ciencia, l\u00f3gica y filosof\u00eda<\/strong>, <strong>Literatura y traducci\u00f3n<\/strong>, <strong>Marx y marxismo<\/strong>, y <strong>Compromiso pol\u00edtico y acci\u00f3n social<\/strong>, que agrupan una treintena de contribuciones.<\/li>\n<li><strong>Clausura<\/strong>, con las reflexiones finales de Alfons Barcel\u00f3 y Antoni Dom\u00e8nech.<\/li>\n<\/ul>\n<p>Adem\u00e1s, el volumen incluye un anexo con una carta de Gumersindo Ruiz y un texto del recordado V\u00edctor S\u00e1nchez de Zavala, que cierra el libro con una nota profundamente emotiva.<\/p>\n<p>&#8212;&#8212;&#8212;&#8212;&#8212;&#8212;&#8212;&#8212;&#8212;&#8212;&#8212;&#8212;&#8212;&#8212;&#8212;-<\/p>\n<h3><strong>\u00cdndice del libro<\/strong><\/h3>\n<p><strong>Presentaci\u00f3n<\/strong><\/p>\n<ul>\n<li>Las razones de un homenaje. Salvador L\u00f3pez Arnal e I\u00f1aki V\u00e1zquez \u00c1lvarez.<\/li>\n<\/ul>\n<p><strong>Acto inaugural<\/strong><\/p>\n<ol>\n<li>El filosofar cr\u00edtico de Manuel Sacrist\u00e1n. Gabriel Vargas Lozano.<\/li>\n<li>El compromiso de Manuel Sacrist\u00e1n. V\u00edctor R\u00edos.<\/li>\n<\/ol>\n<p><strong>Conferencias<\/strong><\/p>\n<ol>\n<li>Juan-Ram\u00f3n Capella: <em>Manuel Sacrist\u00e1n: esbozo de una biograf\u00eda pol\u00edtica.<\/em><\/li>\n<li>Francisco Fern\u00e1ndez Buey: <em>Manuel Sacrist\u00e1n en el mundo de las ideas.<\/em><\/li>\n<\/ol>\n<p><strong>Ciencia, l\u00f3gica y filosof\u00eda<\/strong><\/p>\n<ol>\n<li><em>La empresa de la raz\u00f3n y la libertad de la conciencia: a vueltas con el legado escrito de Manuel Sacrist\u00e1n.<\/em> Albert Domingo Curto.<\/li>\n<li><em>La labor socr\u00e1tico-lectora de Manuel Sacrist\u00e1n.<\/em> Salvador L\u00f3pez Arnal y Joan Benach.<\/li>\n<li><em>Glosando una encrucijada: de la filosof\u00eda de la ciencia a la pol\u00edtica de la ciencia.<\/em> Guillermo Lusa.<\/li>\n<li><em>Manuel Sacrist\u00e1n: un marxista socr\u00e1tico.<\/em> F\u00e9lix Ovejero Lucas.<\/li>\n<li><em>Un pensador inc\u00f3modo.<\/em> Jos\u00e9 M\u00aa Ripalda.<\/li>\n<li><em>L\u00f3gica y filosof\u00eda de la l\u00f3gica en la obra de Manuel Sacrist\u00e1n.<\/em> Luis Vega Re\u00f1\u00f3n.<\/li>\n<\/ol>\n<p><strong>Literatura y traducci\u00f3n<\/strong><\/p>\n<ol>\n<li><em>En el cuarto de estar: leer y hablar con Manuel Sacrist\u00e1n.<\/em> M\u00aa Dolores Albiac Blanco.<\/li>\n<li><em>El pensamiento literario del joven Manuel Sacrist\u00e1n: Laye, 1954. Una hip\u00f3tesis.<\/em> Laureano Bonet.<\/li>\n<li><em>La veracidad de la literatura.<\/em> \u00c1lvaro Ceballos.<\/li>\n<li><em>Para aprender a pensar.<\/em> Jordi Gracia.<\/li>\n<li><em>Sobre la veracidad de Manuel Sacrist\u00e1n.<\/em> Carlos Piera.<\/li>\n<li><em>Un trabajo incansable.<\/em> Gonzalo Pont\u00f3n.<\/li>\n<\/ol>\n<p><strong>Marx y marxismo<\/strong><\/p>\n<ol>\n<li><em>Dial\u00e9ctica sin dogma.<\/em> Miguel Candel.<\/li>\n<li><em>El lugar de la Universidad y el papel del intelectual.<\/em> Montserrat Galcer\u00e1n.<\/li>\n<li><em>Reflexiones de Sacrist\u00e1n sobre el Marx maduro.<\/em> Francisco Jos\u00e9 Mart\u00ednez.<\/li>\n<li><em>Econom\u00eda ecol\u00f3gica y ecolog\u00eda pol\u00edtica.<\/em> Joan Mart\u00ednez Alier.<\/li>\n<li><em>Iba en serio.<\/em> Manuel Monereo.<\/li>\n<li><em>El intelectual y el partido. Notas sobre la trayectoria pol\u00edtica de Manuel Sacrist\u00e1n en el PSUC.<\/em> Giaime Pala.<\/li>\n<li><em>Una reflexi\u00f3n sobre las fuerzas productivas y el \u201csujeto revolucionario\u201d y su \u201cfeminizaci\u00f3n\u201d.<\/em> Joaquim Sempere.<\/li>\n<\/ol>\n<p><strong>Compromiso pol\u00edtico y acci\u00f3n social<\/strong><\/p>\n<ol>\n<li><em>Sacrist\u00e1n en el debate cristiano-marxista y ante la militancia de cristianos en partidos comunistas.<\/em> Jaume Botey.<\/li>\n<li><em>Manuel Sacrist\u00e1n: pol\u00edtica en la Universidad y pol\u00edtica universitaria.<\/em> Albert Corominas.<\/li>\n<li><em>La lucha por la hegemon\u00eda en el frente intelectual.<\/em> Joaqu\u00edn Miras Albarr\u00e1n.<\/li>\n<li><em>En torno a mi maestro.<\/em> Joan Pallis\u00e9.<\/li>\n<li><em>Manuel Sacrist\u00e1n (1925-1985): \u00bfEl primer marxista ecol\u00f3gico post-estalinista?<\/em> Enric Tello.<\/li>\n<\/ol>\n<p><strong>Clausura<\/strong><\/p>\n<ol>\n<li><em>Un \u201cextremista discreto\u201d para Manuel Sacrist\u00e1n.<\/em> Alfons Barcel\u00f3.<\/li>\n<li><em>Manuel Sacrist\u00e1n: el antifiliste\u00edsmo en acci\u00f3n.<\/em> Antoni Dom\u00e8nech.<\/li>\n<\/ol>\n<p><strong>Anexo<\/strong><\/p>\n<ul>\n<li>Una carta de Gumersindo Ruiz.<\/li>\n<li><em>En memoria de Manuel Sacrist\u00e1n<\/em>, por V\u00edctor S\u00e1nchez de Zavala.<\/li>\n<\/ul>\n","protected":false},"excerpt":{"rendered":"<p>En noviembre de 2005, coincidiendo con el vig\u00e9simo aniversario de la muerte de Manuel Sacrist\u00e1n, se celebraron unas jornadas conmemorativas<\/p>\n","protected":false},"author":4,"featured_media":0,"comment_status":"open","ping_status":"open","sticky":false,"template":"","format":"standard","meta":{"footnotes":""},"categories":[65,66],"tags":[],"class_list":["post-1264","post","type-post","status-publish","format-standard","hentry","category-textos","category-comentarios"],"_links":{"self":[{"href":"https:\/\/espai-marx.net\/sacristan\/index.php?rest_route=\/wp\/v2\/posts\/1264","targetHints":{"allow":["GET"]}}],"collection":[{"href":"https:\/\/espai-marx.net\/sacristan\/index.php?rest_route=\/wp\/v2\/posts"}],"about":[{"href":"https:\/\/espai-marx.net\/sacristan\/index.php?rest_route=\/wp\/v2\/types\/post"}],"author":[{"embeddable":true,"href":"https:\/\/espai-marx.net\/sacristan\/index.php?rest_route=\/wp\/v2\/users\/4"}],"replies":[{"embeddable":true,"href":"https:\/\/espai-marx.net\/sacristan\/index.php?rest_route=%2Fwp%2Fv2%2Fcomments&post=1264"}],"version-history":[{"count":2,"href":"https:\/\/espai-marx.net\/sacristan\/index.php?rest_route=\/wp\/v2\/posts\/1264\/revisions"}],"predecessor-version":[{"id":1281,"href":"https:\/\/espai-marx.net\/sacristan\/index.php?rest_route=\/wp\/v2\/posts\/1264\/revisions\/1281"}],"wp:attachment":[{"href":"https:\/\/espai-marx.net\/sacristan\/index.php?rest_route=%2Fwp%2Fv2%2Fmedia&parent=1264"}],"wp:term":[{"taxonomy":"category","embeddable":true,"href":"https:\/\/espai-marx.net\/sacristan\/index.php?rest_route=%2Fwp%2Fv2%2Fcategories&post=1264"},{"taxonomy":"post_tag","embeddable":true,"href":"https:\/\/espai-marx.net\/sacristan\/index.php?rest_route=%2Fwp%2Fv2%2Ftags&post=1264"}],"curies":[{"name":"wp","href":"https:\/\/api.w.org\/{rel}","templated":true}]}}