{"id":1267,"date":"2025-01-22T07:52:57","date_gmt":"2025-01-22T07:52:57","guid":{"rendered":"https:\/\/espai-marx.net\/sacristan\/?p=1267"},"modified":"2025-01-17T10:01:47","modified_gmt":"2025-01-17T10:01:47","slug":"numero-especial-homenaje-a-sacristan-de-el-viejo-topo-2005","status":"publish","type":"post","link":"https:\/\/espai-marx.net\/sacristan\/?p=1267","title":{"rendered":"N\u00famero especial homenaje a Sacrist\u00e1n de El Viejo Topo (2005)"},"content":{"rendered":"<p>En noviembre de 2005, con motivo del XX aniversario del fallecimiento de Manuel Sacrist\u00e1n, <strong>El Viejo Topo<\/strong> public\u00f3 un n\u00famero especial dedicado a este influyente fil\u00f3sofo marxista, l\u00f3gico y ecologista. Este dossier monogr\u00e1fico, coordinado por <strong>Salvador L\u00f3pez Arnal<\/strong> e <strong>I\u00f1aki V\u00e1zquez \u00c1lvarez<\/strong>, constituye un homenaje al pensamiento cr\u00edtico y al compromiso \u00e9tico y pol\u00edtico de Sacrist\u00e1n.<\/p>\n<h1 style=\"text-align: center;\">DESCARGA AQU\u00cd EL N\u00daMERO ESPECIAL <a href=\"https:\/\/espai-marx.net\/sacristan\/?attachment_id=1268\" rel=\"attachment wp-att-1268\">El_viejo_topo_especial_MSL_20051<\/a><\/h1>\n<p>Este n\u00famero especial incluye una amplia recopilaci\u00f3n de textos del propio Sacrist\u00e1n, junto con un conjunto de an\u00e1lisis y comentarios que permiten explorar diferentes facetas de su vida y obra. El proyecto cont\u00f3 con la colaboraci\u00f3n de la <strong>Fundaci\u00f3n de Investigaciones Marxistas (FIM)<\/strong>, la <strong>Associaci\u00f3 Catalana d\u2019Investigacions Marxistes (ACIM)<\/strong> y el apoyo de diversas universidades e instituciones comprometidas con el pensamiento emancipador.<\/p>\n<h3><strong>Estructura y contenido del n\u00famero especial<\/strong><\/h3>\n<p>El monogr\u00e1fico se organiza en secciones que abordan las m\u00faltiples dimensiones del trabajo de Sacrist\u00e1n, desde su aportaci\u00f3n al marxismo hasta sus reflexiones sobre literatura, l\u00f3gica y filosof\u00eda, as\u00ed como su participaci\u00f3n en movimientos sociales y pol\u00edticos.<\/p>\n<h4><strong>\u00cdndice del n\u00famero especial:<\/strong><\/h4>\n<ol>\n<li><strong>Nota editorial<\/strong><\/li>\n<li><strong>Cronograma<\/strong><\/li>\n<li><strong>Introducci\u00f3n bibliogr\u00e1fica:<\/strong>\n<ul>\n<li><em>Manuel Sacrist\u00e1n: una semblanza personal, intelectual y pol\u00edtica<\/em>, Joaquim Sempere.<\/li>\n<\/ul>\n<\/li>\n<\/ol>\n<h4><strong>I. Marx, tradici\u00f3n marxista<\/strong><\/h4>\n<ol>\n<li>Karl Marx (1967).<\/li>\n<li>Advertencia: Presentaci\u00f3n de la <em>Antolog\u00eda de Antonio Gramsci<\/em> (1969).<\/li>\n<li>Pr\u00f3logo a la primera edici\u00f3n catalana de <em>El Capital<\/em> (1983).<\/li>\n<li>Carta a M\u00f3nica Guiti\u00e1n (1985).<\/li>\n<li>Semblanzas: R. Luxemburg, A. Tasca, P. Sraffa, E. Guevara, L. Althusser.<\/li>\n<li>\u00abUn marxista que se acerca al anarquismo.\u00bb Entrevista con <em>La Vanguardia<\/em> (1983).<\/li>\n<\/ol>\n<h4><strong>II. Dial\u00e9ctica<\/strong><\/h4>\n<ol>\n<li>Carta a Luis Maruny sobre un proyecto de Escuela de Sociolog\u00eda (1968).<\/li>\n<li>Carta a Bener\u00eda Vidal (1971).<\/li>\n<li>Metodolog\u00eda de las ciencias sociales (1984-1985). Fragmentos.<\/li>\n<\/ol>\n<h4><strong>III. Ciencia, filosof\u00eda, l\u00f3gica<\/strong><\/h4>\n<ol>\n<li><em>El hombre y la ciudad (Una consideraci\u00f3n del humanismo, para uso de urbanistas)<\/em> (1959).<\/li>\n<li>Carta a Josep Ferrater Mora (1966).<\/li>\n<li>Nota y presentaci\u00f3n de la edici\u00f3n castellana de <em>Sigma. El mundo de las matem\u00e1ticas<\/em> (1968).<\/li>\n<li>Nota sobre el plan de estudios de la secci\u00f3n de filosof\u00eda (1968).<\/li>\n<li>Rese\u00f1a de J. Moster\u00edn, <em>Racionalismo y acci\u00f3n humana<\/em> (1981).<\/li>\n<\/ol>\n<h4><strong>IV. Textos pol\u00edtico-culturales: socialismo, transici\u00f3n pol\u00edtica, movimientos sociales<\/strong><\/h4>\n<ol>\n<li><em>Confucio<\/em> (1955).<\/li>\n<li>Carta a Jos\u00e9 M\u00aa Mohedano sobre la experiencia checoslovaca (1969).<\/li>\n<li>Presentaci\u00f3n de <em>Historia general del socialismo<\/em> (1976).<\/li>\n<li>Sobre Miguel Hern\u00e1ndez, en el XXXIV aniversario de su muerte (1976).<\/li>\n<li>Esquema conferencia \u201cNi tribunos\u201d (1978).<\/li>\n<li>Coloquio de la conferencia: \u201c\u00bfPor qu\u00e9 faltan economistas en el movimiento ecologista?\u201d &lt;Fragmentos&gt; (1980).<\/li>\n<li>Sobre el 23-F (1981).<\/li>\n<\/ol>\n<h4><strong>V. Cr\u00edtica literaria, colaboraciones editoriales<\/strong><\/h4>\n<ol>\n<li>Sobre Eliseo Bayo.<\/li>\n<li>Contraportada de la edici\u00f3n castellana de <em>Cr\u00edtica del gusto<\/em> de G. della Volpe (1966).<\/li>\n<li>Carta a ediciones Ariel en torno a la <em>Historia del an\u00e1lisis econ\u00f3mico<\/em> de Schumpeter (1972).<\/li>\n<li>Nota introductoria de la traducci\u00f3n castellana de <em>El var\u00f3n domado<\/em> (1973).<\/li>\n<li>Informe editorial sobre: \u00c1lvarez del Vayo, Julio: <em>Give me battle<\/em> (1973).<\/li>\n<li>Nota a la traducci\u00f3n castellana de <em>Poemas y canciones<\/em> (1976).<\/li>\n<li>Pr\u00f3logo a: Heinrich Heine, <em>Poemas<\/em> (1976).<\/li>\n<\/ol>\n<h4><strong>VI. Cuatro cartas<\/strong><\/h4>\n<ol>\n<li>Carta a Juan Grijalbo (1973).<\/li>\n<li>Carta a Miguel S\u00e1nchez Mazas (1984).<\/li>\n<li>Carta a Eloy Fern\u00e1ndez Clemente.<\/li>\n<li>Carta a F\u00e9lix Novales (1985)<\/li>\n<\/ol>\n<p>BIBLIOGRAF\u00cdA<\/p>\n","protected":false},"excerpt":{"rendered":"<p>En noviembre de 2005, con motivo del XX aniversario del fallecimiento de Manuel Sacrist\u00e1n, El Viejo Topo public\u00f3 un n\u00famero<\/p>\n","protected":false},"author":4,"featured_media":0,"comment_status":"open","ping_status":"open","sticky":false,"template":"","format":"standard","meta":{"footnotes":""},"categories":[65,66,73],"tags":[],"class_list":["post-1267","post","type-post","status-publish","format-standard","hentry","category-textos","category-comentarios","category-manuel-sacristan"],"_links":{"self":[{"href":"https:\/\/espai-marx.net\/sacristan\/index.php?rest_route=\/wp\/v2\/posts\/1267","targetHints":{"allow":["GET"]}}],"collection":[{"href":"https:\/\/espai-marx.net\/sacristan\/index.php?rest_route=\/wp\/v2\/posts"}],"about":[{"href":"https:\/\/espai-marx.net\/sacristan\/index.php?rest_route=\/wp\/v2\/types\/post"}],"author":[{"embeddable":true,"href":"https:\/\/espai-marx.net\/sacristan\/index.php?rest_route=\/wp\/v2\/users\/4"}],"replies":[{"embeddable":true,"href":"https:\/\/espai-marx.net\/sacristan\/index.php?rest_route=%2Fwp%2Fv2%2Fcomments&post=1267"}],"version-history":[{"count":1,"href":"https:\/\/espai-marx.net\/sacristan\/index.php?rest_route=\/wp\/v2\/posts\/1267\/revisions"}],"predecessor-version":[{"id":1269,"href":"https:\/\/espai-marx.net\/sacristan\/index.php?rest_route=\/wp\/v2\/posts\/1267\/revisions\/1269"}],"wp:attachment":[{"href":"https:\/\/espai-marx.net\/sacristan\/index.php?rest_route=%2Fwp%2Fv2%2Fmedia&parent=1267"}],"wp:term":[{"taxonomy":"category","embeddable":true,"href":"https:\/\/espai-marx.net\/sacristan\/index.php?rest_route=%2Fwp%2Fv2%2Fcategories&post=1267"},{"taxonomy":"post_tag","embeddable":true,"href":"https:\/\/espai-marx.net\/sacristan\/index.php?rest_route=%2Fwp%2Fv2%2Ftags&post=1267"}],"curies":[{"name":"wp","href":"https:\/\/api.w.org\/{rel}","templated":true}]}}