{"id":1318,"date":"2025-02-04T03:17:30","date_gmt":"2025-02-04T04:17:30","guid":{"rendered":"https:\/\/espai-marx.net\/sacristan\/?p=1318"},"modified":"2025-02-04T03:32:08","modified_gmt":"2025-02-04T04:32:08","slug":"resolucio-sobre-el-centenari-del-naixement-de-manuel-sacristan-de-comunistes-de-catalunya","status":"publish","type":"post","link":"https:\/\/espai-marx.net\/sacristan\/?p=1318","title":{"rendered":"Resoluci\u00f3 sobre el centenari del naixement de Manuel Sacrist\u00e1n, de Comunistes de Catalunya"},"content":{"rendered":"<div>Reproducimos, por su inter\u00e9s, la resoluci\u00f3n aprobada por el partido Comunistes de Catalunya en referencia al A\u00f1o Sacrist\u00e1n.<\/div>\n<div><\/div>\n<div>Fuente: <a href=\"https:\/\/comunistes.cat\/resolucio-sobre-el-centenari-del-naixement-de-manuel-sacristan\/\">https:\/\/comunistes.cat\/resolucio-sobre-el-centenari-del-naixement-de-manuel-sacristan\/<\/a><\/div>\n<div>&#8212;&#8212;&#8212;<\/div>\n<div><\/div>\n<div class=\"entry-image\"><img loading=\"lazy\" decoding=\"async\" class=\"attachment-large size-large wp-post-image\" src=\"https:\/\/comunistes.cat\/wp-content\/uploads\/2025\/01\/sacristan-biblioteca750-745x445-1.png\" sizes=\"auto, (max-width: 745px) 100vw, 745px\" srcset=\"https:\/\/comunistes.cat\/wp-content\/uploads\/2025\/01\/sacristan-biblioteca750-745x445-1.png 745w, https:\/\/comunistes.cat\/wp-content\/uploads\/2025\/01\/sacristan-biblioteca750-745x445-1-300x179.png 300w\" alt=\"\" width=\"745\" height=\"445\" \/><\/div>\n<div id=\"post-10417\" class=\"post-10417 post type-post status-publish format-standard has-post-thumbnail hentry category-comunicats\">\n<div class=\"blog-single-content\">\n<div class=\"blog-content\">\n<h4>Aquest any 2025 es compleixen cent anys del naixement de Manuel Sacrist\u00e1n Luz\u00f3n, el 5 de setembre de 1925. Tamb\u00e9 es compliran, malauradament, 40 anys de la seva mort, el 27 d\u2019agost de 1985.<\/h4>\n<p>Manuel Sacrist\u00e1n ha estat un dels fil\u00f2sofs pol\u00edtics m\u00e9s destacats del s. XX i el referent m\u00e9s s\u00f2lid de la cultura marxista al nostre pa\u00eds. La combinaci\u00f3 de rigor intel\u00b7lectual, coher\u00e8ncia \u00e8tica i comprom\u00eds pol\u00edtic que conformaren la seva personalitat i traject\u00f2ria de vida ha quedat ben palesa en els m\u00faltiples \u00e0mbits de la seva activitat. Com a pensador, en les seves contribucions a la introducci\u00f3 de la l\u00f2gica formal i dels principals corrents filos\u00f2fics contemporanis al nostre pa\u00eds, l\u2019estudi de la metodologia, sociologia i pol\u00edtica de la ci\u00e8ncia amb una visi\u00f3 cr\u00edtica i innovadora, el coneixement i divulgaci\u00f3 de l\u2019obra de Marx, Engels, Lenin, Gramsci i Luk\u00e1cs entre d\u2019altres i l\u2019actualitzaci\u00f3 del marxisme i de l\u2019ideari comunista a partir de la rellev\u00e0ncia de la crisi ecosocial i de les aportacions del feminisme i del pacifisme a la lluita per l\u2019emancipaci\u00f3.<\/p>\n<p>La passi\u00f3 \u00e8tica vinculada al comprom\u00eds pol\u00edtic, concretat des de 1956 en la seva milit\u00e0ncia comunista, va fer de la clandestinitat i la precarietat laboral dues constants vertebradores de la seva vida i condicionadores dels seus escrits. Molts d\u2019aquests tenen la condici\u00f3 del que en el moviment obrer de tradici\u00f3 marxista s\u2019anomena \u201cmaterials\u201d, per ser utilitzats en la discussi\u00f3 i formaci\u00f3 de militants, com\u00a0 la seva guia per llegir el Manifest Comunista, redactada a finals dels anys 50 i editada en fullet\u00f3 clandest\u00ed pel Comit\u00e8 Executiu del PSUC. Fruits\u00a0 d\u2019aquest comprom\u00eds militant van ser tamb\u00e9 textos com el Manifest per una Universitat Democr\u00e0tica, llegit a l\u2019Assemblea fundacional del Sindicat Democr\u00e0tic d\u2019Estudiants de la Universitat de Barcelona el 9 de mar\u00e7 de 1966, el Projecte de L\u00ednies Program\u00e0tiques de la Federaci\u00f3 d\u2019Ensenyament de CCOO, de 1977, els articles publicats al Butllet\u00ed del Comit\u00e8 Antinuclear de Catalunya o els escrits pacifistes i contra la perman\u00e8ncia d\u2019Espanya a la OTAN.<\/p>\n<p>&nbsp;<\/p>\n<blockquote>\n<h3>Els i les Comunistes de Catalunya volem expressar el nostre comprom\u00eds per seguir impulsant i enfortint el marxisme ecol\u00f2gic i el comunisme verd al nostre pa\u00eds<\/h3>\n<\/blockquote>\n<p>Aquestes reflexions te\u00f2riques i pol\u00edtiques de Sacrist\u00e1n, unides a la seva pr\u00e0ctica militant, a l\u2019esfor\u00e7 pedag\u00f2gic de difusi\u00f3 i a la reafirmaci\u00f3 de la seva identitat comunista ens han deixat un llegat molt valu\u00f3s pel seu exemple i per la seva consist\u00e8ncia anal\u00edtica i program\u00e0tica davant de l\u2019aprofundiment de la crisi civilitzat\u00f2ria del capitalisme imperialista.<\/p>\n<p>Per tot aix\u00f2, <strong>aquest 2025 ser\u00e0 l\u2019Any Sacrist\u00e1n de Comunistes de Catalunya<\/strong>. Amb aquest reconeixement del llegat de Manuel Sacrist\u00e1n i de la seva actualitat, els i les Comunistes de Catalunya volem expressar alhora el nostre comprom\u00eds per seguir impulsant i enfortint el marxisme ecol\u00f2gic i el comunisme verd al nostre pa\u00eds com a components importants del nostre projecte pol\u00edtic. I fent-ho en la l\u00ednia de continuar aportant m\u00e9s contribucions com les contingudes al monogr\u00e0fic de La Realitat sobre Marxisme Ecol\u00f2gic o intensificant la pres\u00e8ncia activa i el suport als diversos moviments i lluites ecosocials arreu del nostre territori.<\/p>\n<p>Aquest \u201cAny Sacrist\u00e1n\u201d s\u2019expressar\u00e0 de diferents maneres i amb diverses iniciatives al llarg de l\u2019any, comptant amb el suport de diversos instruments per a la batalla de les idees, com la revista Realitat i la revista Maig, les propostes d\u2019activitats de la Fundaci\u00f3 Neus Catal\u00e0, en la forma en qu\u00e8 aquesta ho consideri, i dedicant la Festa Realitat d\u2019aquest any a la figura de Manuel Sacrist\u00e1n i les alternatives ecosocialistes.<\/p>\n<p>&nbsp;<\/p>\n<\/div>\n<div class=\"meta-content\">\n<div class=\"blog-social-sharing\"><\/div>\n<\/div>\n<\/div>\n<\/div>\n","protected":false},"excerpt":{"rendered":"<p>Reproducimos, por su inter\u00e9s, la resoluci\u00f3n aprobada por el partido Comunistes de Catalunya en referencia al A\u00f1o Sacrist\u00e1n. Fuente: https:\/\/comunistes.cat\/resolucio-sobre-el-centenari-del-naixement-de-manuel-sacristan\/<\/p>\n","protected":false},"author":4,"featured_media":0,"comment_status":"open","ping_status":"open","sticky":false,"template":"","format":"quote","meta":{"footnotes":""},"categories":[76],"tags":[],"class_list":["post-1318","post","type-post","status-publish","format-quote","hentry","category-noticias","post_format-post-format-quote"],"_links":{"self":[{"href":"https:\/\/espai-marx.net\/sacristan\/index.php?rest_route=\/wp\/v2\/posts\/1318","targetHints":{"allow":["GET"]}}],"collection":[{"href":"https:\/\/espai-marx.net\/sacristan\/index.php?rest_route=\/wp\/v2\/posts"}],"about":[{"href":"https:\/\/espai-marx.net\/sacristan\/index.php?rest_route=\/wp\/v2\/types\/post"}],"author":[{"embeddable":true,"href":"https:\/\/espai-marx.net\/sacristan\/index.php?rest_route=\/wp\/v2\/users\/4"}],"replies":[{"embeddable":true,"href":"https:\/\/espai-marx.net\/sacristan\/index.php?rest_route=%2Fwp%2Fv2%2Fcomments&post=1318"}],"version-history":[{"count":2,"href":"https:\/\/espai-marx.net\/sacristan\/index.php?rest_route=\/wp\/v2\/posts\/1318\/revisions"}],"predecessor-version":[{"id":1320,"href":"https:\/\/espai-marx.net\/sacristan\/index.php?rest_route=\/wp\/v2\/posts\/1318\/revisions\/1320"}],"wp:attachment":[{"href":"https:\/\/espai-marx.net\/sacristan\/index.php?rest_route=%2Fwp%2Fv2%2Fmedia&parent=1318"}],"wp:term":[{"taxonomy":"category","embeddable":true,"href":"https:\/\/espai-marx.net\/sacristan\/index.php?rest_route=%2Fwp%2Fv2%2Fcategories&post=1318"},{"taxonomy":"post_tag","embeddable":true,"href":"https:\/\/espai-marx.net\/sacristan\/index.php?rest_route=%2Fwp%2Fv2%2Ftags&post=1318"}],"curies":[{"name":"wp","href":"https:\/\/api.w.org\/{rel}","templated":true}]}}