{"id":1330,"date":"2025-02-06T05:41:42","date_gmt":"2025-02-06T06:41:42","guid":{"rendered":"https:\/\/espai-marx.net\/sacristan\/?p=1330"},"modified":"2025-02-06T05:24:46","modified_gmt":"2025-02-06T06:24:46","slug":"la-revista-mientras-tanto-se-hace-eco-de-la-campana-del-centenario-de-manuel-sacristan","status":"publish","type":"post","link":"https:\/\/espai-marx.net\/sacristan\/?p=1330","title":{"rendered":"La revista mientras tanto se hace eco de la campa\u00f1a del Centenario de Manuel Sacrist\u00e1n"},"content":{"rendered":"<p>Reproducimos la informaci\u00f3n que ha publicado la revista <em>mientras tanto<\/em>, fundada en 1979 por Manuel Sacrist\u00e1n y Giulia Adinolfi, donde informan de esta campa\u00f1a del Centenario Manuel Sacrist\u00e1n, esta p\u00e1gina web.<\/p>\n<p>Agradecemos enormemente el gesto de generosidad por parte de la revista <a href=\"https:\/\/mientrastanto.org\"><em>mientras tanto<\/em><\/a> al contribuir a dar difusi\u00f3n a esta peque\u00f1a web.<\/p>\n<p>Fuente: <a href=\"https:\/\/mientrastanto.org\/242foro-de-webs\/aniversario-sacristan\/\">https:\/\/mientrastanto.org\/242foro-de-webs\/aniversario-sacristan\/<\/a><\/p>\n<p>&nbsp;<\/p>\n<hr \/>\n<p>&nbsp;<\/p>\n<div class=\"elementor-element elementor-element-aeda56f autor-field-single-resena elementor-widget elementor-widget-jet-listing-dynamic-field\" data-id=\"aeda56f\" data-element_type=\"widget\" data-widget_type=\"jet-listing-dynamic-field.default\">\n<div class=\"elementor-widget-container\">\n<div class=\"jet-listing jet-listing-dynamic-field display-inline\">\n<div class=\"jet-listing-dynamic-field__inline-wrap\">\n<h1 class=\"jet-listing-dynamic-field__content\">Aniversario Sacrist\u00e1n<\/h1>\n<\/div>\n<\/div>\n<\/div>\n<\/div>\n<section class=\"elementor-section elementor-inner-section elementor-element elementor-element-8337130 elementor-section-boxed elementor-section-height-default elementor-section-height-default\" data-id=\"8337130\" data-element_type=\"section\" data-settings=\"{&quot;jet_parallax_layout_list&quot;:[]}\">\n<div class=\"elementor-container elementor-column-gap-default\">\n<div class=\"elementor-column elementor-col-100 elementor-inner-column elementor-element elementor-element-5944291\" data-id=\"5944291\" data-element_type=\"column\">\n<div class=\"elementor-widget-wrap elementor-element-populated\">\n<div class=\"elementor-element elementor-element-82ed21c resena-single-body-content elementor-widget elementor-widget-jet-listing-dynamic-field\" data-id=\"82ed21c\" data-element_type=\"widget\" data-widget_type=\"jet-listing-dynamic-field.default\">\n<div class=\"elementor-widget-container\">\n<div class=\"jet-listing jet-listing-dynamic-field display-inline\">\n<div class=\"jet-listing-dynamic-field__inline-wrap\">\n<div class=\"jet-listing-dynamic-field__content\">\n<div class=\"wps-pgfw-pdf-generate-icon__wrapper-frontend\"><\/div>\n<p><img loading=\"lazy\" decoding=\"async\" class=\"wp-image-32022 aligncenter\" src=\"https:\/\/mientrastanto.org\/wp-content\/uploads\/2025\/01\/imagen-en-blanco-y-negro-descripcion-generada-aut.png\" sizes=\"auto, (max-width: 797px) 100vw, 797px\" srcset=\"https:\/\/mientrastanto.org\/wp-content\/uploads\/2025\/01\/imagen-en-blanco-y-negro-descripcion-generada-aut.png 797w, https:\/\/mientrastanto.org\/wp-content\/uploads\/2025\/01\/imagen-en-blanco-y-negro-descripcion-generada-aut-300x113.png 300w, https:\/\/mientrastanto.org\/wp-content\/uploads\/2025\/01\/imagen-en-blanco-y-negro-descripcion-generada-aut-768x289.png 768w\" alt=\"Imagen en blanco y negro Descripci\u00f3n generada autom\u00e1ticamente con confianza media\" width=\"797\" height=\"300\" \/><\/p>\n<p>La campa\u00f1a del Centenario Manuel Sacrist\u00e1n (1925-1985) est\u00e1 siendo impulsada por un grupo compuesto por activistas y personas estudiosas de su pensamiento, con el objetivo de difundir y celebrar el legado intelectual y militante de quien fuera \u2014junto con Giulia Adinolfi\u2014 fundador de <em>mientras tanto<\/em>.<\/p>\n<p>Espai Marx hospeda la p\u00e1gina web de esta iniciativa (<a href=\"http:\/\/www.sacristan2025.org\/\">www.sacristan2025.org<\/a>), cuyos contenidos son gestionados de manera independiente por las personas que componen su Grupo Motor. En ella se informa de los eventos que se est\u00e1n desarrollando por nuestra geograf\u00eda en torno a Sacrist\u00e1n y se ponen a disposici\u00f3n del p\u00fablico numerosos materiales de lectura.<\/p>\n<\/div>\n<\/div>\n<\/div>\n<\/div>\n<\/div>\n<\/div>\n<\/div>\n<\/div>\n<\/section>\n","protected":false},"excerpt":{"rendered":"<p>Reproducimos la informaci\u00f3n que ha publicado la revista mientras tanto, fundada en 1979 por Manuel Sacrist\u00e1n y Giulia Adinolfi, donde<\/p>\n","protected":false},"author":4,"featured_media":0,"comment_status":"open","ping_status":"open","sticky":false,"template":"","format":"standard","meta":{"footnotes":""},"categories":[76],"tags":[],"class_list":["post-1330","post","type-post","status-publish","format-standard","hentry","category-noticias"],"_links":{"self":[{"href":"https:\/\/espai-marx.net\/sacristan\/index.php?rest_route=\/wp\/v2\/posts\/1330","targetHints":{"allow":["GET"]}}],"collection":[{"href":"https:\/\/espai-marx.net\/sacristan\/index.php?rest_route=\/wp\/v2\/posts"}],"about":[{"href":"https:\/\/espai-marx.net\/sacristan\/index.php?rest_route=\/wp\/v2\/types\/post"}],"author":[{"embeddable":true,"href":"https:\/\/espai-marx.net\/sacristan\/index.php?rest_route=\/wp\/v2\/users\/4"}],"replies":[{"embeddable":true,"href":"https:\/\/espai-marx.net\/sacristan\/index.php?rest_route=%2Fwp%2Fv2%2Fcomments&post=1330"}],"version-history":[{"count":1,"href":"https:\/\/espai-marx.net\/sacristan\/index.php?rest_route=\/wp\/v2\/posts\/1330\/revisions"}],"predecessor-version":[{"id":1331,"href":"https:\/\/espai-marx.net\/sacristan\/index.php?rest_route=\/wp\/v2\/posts\/1330\/revisions\/1331"}],"wp:attachment":[{"href":"https:\/\/espai-marx.net\/sacristan\/index.php?rest_route=%2Fwp%2Fv2%2Fmedia&parent=1330"}],"wp:term":[{"taxonomy":"category","embeddable":true,"href":"https:\/\/espai-marx.net\/sacristan\/index.php?rest_route=%2Fwp%2Fv2%2Fcategories&post=1330"},{"taxonomy":"post_tag","embeddable":true,"href":"https:\/\/espai-marx.net\/sacristan\/index.php?rest_route=%2Fwp%2Fv2%2Ftags&post=1330"}],"curies":[{"name":"wp","href":"https:\/\/api.w.org\/{rel}","templated":true}]}}