{"id":1363,"date":"2025-02-22T12:33:48","date_gmt":"2025-02-22T13:33:48","guid":{"rendered":"https:\/\/espai-marx.net\/sacristan\/?p=1363"},"modified":"2025-02-22T12:33:48","modified_gmt":"2025-02-22T13:33:48","slug":"comunicado-de-izquierda-unida-en-apoyo-al-ano-sacristan-2","status":"publish","type":"post","link":"https:\/\/espai-marx.net\/sacristan\/?p=1363","title":{"rendered":"Comunicado de Izquierda Unida en apoyo al A\u00f1o Sacrist\u00e1n"},"content":{"rendered":"<p>Reproducimos, por su evidente inter\u00e9s, el comunicado de Izquierda Unida en apoyo al A\u00f1o Sacrist\u00e1n.<\/p>\n<p>Y agradecemos sinceramente el inter\u00e9s y apoyo mostrados hacia esta campa\u00f1a.<\/p>\n<blockquote class=\"wp-embedded-content\" data-secret=\"LF639cOOUi\"><p><a href=\"https:\/\/izquierdaunida.org\/2025\/02\/20\/manuel-sacristan-1925-2025-100-anos-de-pensamiento-critico-y-lucha-por-un-mundo-ecosocialista\/\">Manuel Sacrist\u00e1n (1925-2025): 100 a\u00f1os de pensamiento cr\u00edtico y lucha por un mundo ecosocialista<\/a><\/p><\/blockquote>\n<p><iframe loading=\"lazy\" class=\"wp-embedded-content\" sandbox=\"allow-scripts\" security=\"restricted\" style=\"position: absolute; visibility: hidden;\" title=\"\u00abManuel Sacrist\u00e1n (1925-2025): 100 a\u00f1os de pensamiento cr\u00edtico y lucha por un mundo ecosocialista\u00bb \u2014 Izquierda Unida\" src=\"https:\/\/izquierdaunida.org\/2025\/02\/20\/manuel-sacristan-1925-2025-100-anos-de-pensamiento-critico-y-lucha-por-un-mundo-ecosocialista\/embed\/#?secret=D71FS1YqyP#?secret=LF639cOOUi\" data-secret=\"LF639cOOUi\" width=\"600\" height=\"338\" frameborder=\"0\" marginwidth=\"0\" marginheight=\"0\" scrolling=\"no\"><\/iframe><\/p>\n<p>&nbsp;<\/p>\n<p>\u2014\u2014\u2014\u2014\u2014\u2014<\/p>\n<div class=\"container fullwidth-entry-title-wrapper\">\n<div class=\"container-wrapper fullwidth-entry-title\">\n<header class=\"entry-header-outer\">\n<div class=\"entry-header\">\n<h1 class=\"post-title entry-title\">Manuel Sacrist\u00e1n (1925-2025): 100 a\u00f1os de pensamiento cr\u00edtico y lucha por un mundo ecosocialista<\/h1>\n<h2 class=\"entry-sub-title\">Izquierda Unida impulsa el &#8216;A\u00f1o Sacrist\u00e1n&#8217;: Reivindicando al fil\u00f3sofo, traductor y militante que uni\u00f3 marxismo, ecolog\u00eda y feminismo ante la crisis global<\/h2>\n<div class=\"single-post-meta post-meta clearfix\">\n<p><span class=\"date meta-item tie-icon\">20\/02\/2025<\/span><\/p>\n<div class=\"tie-alignright\"><span class=\"meta-reading-time meta-item\"> Lectura estimada 3 minutos<\/span><\/div>\n<\/div>\n<\/div>\n<\/header>\n<\/div>\n<\/div>\n<div id=\"content\" class=\"site-content container\">\n<div id=\"main-content-row\" class=\"tie-row main-content-row\">\n<div class=\"main-content tie-col-md-8 tie-col-xs-12\" role=\"main\">\n<article id=\"the-post\" class=\"container-wrapper post-content tie-standard\">\n<div class=\"featured-area\">\n<div class=\"featured-area-inner\">\n<figure class=\"single-featured-image\"><img loading=\"lazy\" decoding=\"async\" class=\"attachment-jannah-image-post size-jannah-image-post wp-post-image\" src=\"https:\/\/izquierdaunida.org\/wp-content\/uploads\/2025\/02\/manuel_sacristan.jpeg\" sizes=\"auto, (max-width: 390px) 100vw, 390px\" srcset=\"https:\/\/izquierdaunida.org\/wp-content\/uploads\/2025\/02\/manuel_sacristan.jpeg 390w, https:\/\/izquierdaunida.org\/wp-content\/uploads\/2025\/02\/manuel_sacristan-300x261.jpeg 300w\" alt=\"\" width=\"390\" height=\"339\" data-main-img=\"1\" \/><\/figure>\n<\/div>\n<\/div>\n<div class=\"entry-content entry clearfix\">\n<p>En este a\u00f1o 2025 se cumplir\u00e1 el centenario del nacimiento de Manuel Sacrist\u00e1n (1925-1985), <strong>una de las figuras m\u00e1s influyentes del pensamiento cr\u00edtico en la Espa\u00f1a contempor\u00e1nea y pionero del marxismo ecol\u00f3gico<\/strong>. Sacrist\u00e1n fue un fil\u00f3sofo, traductor, profesor, militante y dirigente pol\u00edtico, cuya obra sigue siendo fundamental para la reflexi\u00f3n pol\u00edtica actual, especialmente ante la tragedia ecol\u00f3gica en cuyas puertas nos encontramos.<\/p>\n<p>Por ello, desde Izquierda Unida queremos expresar nuestro apoyo al reconocimiento y celebraci\u00f3n del \u00ab<strong>A\u00f1o Sacrist\u00e1n<\/strong>\u00ab, y destacar la relevancia de su legado en varios \u00e1mbitos de la ecolog\u00eda, la filosof\u00eda, y el activismo social.<\/p>\n<p>Manuel Sacrist\u00e1n fue un pionero en la introducci\u00f3n de la l\u00f3gica formal y las principales corrientes de la filosof\u00eda de la ciencia en la Espa\u00f1a de los a\u00f1os 50 y 60, en un momento en que estas disciplinas eran pr\u00e1cticamente desconocidas o despreciadas por los c\u00edrculos intelectuales cercanos al r\u00e9gimen franquista. Su trabajo como fil\u00f3sofo <strong>contribuy\u00f3 al desarrollo del pensamiento cr\u00edtico y moderno en el pa\u00eds<\/strong>, dejando una huella profunda en generaciones posteriores de pensadores, estudiantes, ciudadanos y trabajadores.<\/p>\n<p>Paralelamente, desarroll\u00f3 una important\u00edsima labor como traductor y comentarista de fil\u00f3sofos cuyas obras fueron perseguidas por la dictadura. A trav\u00e9s de su trabajo, permiti\u00f3 que se conocieran y comprendieran en Espa\u00f1a los escritos de Marx, Engels, Luk\u00e1cs, Gramsci, Marcuse, Labriola y otros pensadores clave del pensamiento cr\u00edtico. Esta labor fue crucial para la creaci\u00f3n de un pensamiento alternativo en un momento de <strong>represi\u00f3n pol\u00edtica y cultural<\/strong>.<\/p>\n<p>Pero su labor no se qued\u00f3 \u00fanicamente en el campo te\u00f3rico. Sacrist\u00e1n no solo fue un pensador comprometido, sino tambi\u00e9n un <strong>activista pol\u00edtico<\/strong> que desempe\u00f1\u00f3 un papel clave en la lucha contra el franquismo. Como responsable del <strong>PSUC<\/strong>en la Universidad de Barcelona, y miembro del Comit\u00e9 Ejecutivo de dicho partido entre 1965 y 1969, desempe\u00f1\u00f3 un papel fundamental en la vertebraci\u00f3n del movimiento antifranquista en Barcelona, siendo entre otras cosas uno de los fundadores del Sindicato Democr\u00e1tico de Estudiantes de la Universidad de Barcelona (SDEUB). Sacrist\u00e1n estuvo en el centro de la resistencia en la \u00e9poca, lo que lo llev\u00f3 a episodios como la conocida como \u00abCapuchinada\u00bb de 1966, una de las protestas m\u00e1s emblem\u00e1ticas contra el r\u00e9gimen. A ra\u00edz de su activismo, fue expulsado de la Universidad en dos ocasiones. No fue esta su \u00fanica militancia: son bien conocidos su papel en la fundaci\u00f3n de la Federaci\u00f3n de Ense\u00f1anza de CCOO en 1977, su militancia en el Comit\u00e9 Antinuclear de Catalu\u00f1a (CANC) o su activismo contra la permanencia de Espa\u00f1a en la OTAN.<\/p>\n<p>Pero, probablemente, el aspecto m\u00e1s relevante y contempor\u00e1neo en este 2025 del legado de Manuel Sacrist\u00e1n es su pionera introducci\u00f3n de la <strong>filosof\u00eda ecosocialista<\/strong> en Espa\u00f1a. A lo largo de la d\u00e9cada de 1970, Sacrist\u00e1n inici\u00f3 un proyecto de renovaci\u00f3n de la tradici\u00f3n comunista, integrando en ella el pensamiento ecologista, feminista y antimilitarista. As\u00ed, se convirti\u00f3 en un pionero del pensamiento ecosocialista en lengua espa\u00f1ola, combinando su cr\u00edtica al modelo econ\u00f3mico capitalista con la defensa del planeta, en consonancia con los estudios de ciencia cr\u00edtica m\u00e1s avanzados de la \u00e9poca. Esta visi\u00f3n sigue siendo crucial hoy en d\u00eda para enfrentar la crisis ecosocial global, y es un legado que nos impulsa a seguir profundizando en las intersecciones entre la ecolog\u00eda, el feminismo, el socialismo y la lucha por la paz.<\/p>\n<p>La revista <em><strong>mientras tanto<\/strong><\/em>, fundada por Manuel Sacrist\u00e1n y Giulia Adinolfi junto a Paco Fern\u00e1ndez Buey, Toni Dom\u00e8nech y otros amigos\/as en 1979, simboliz\u00f3 esta fusi\u00f3n de tradiciones al alternar en sus portadas los colores rojo (del movimiento obrero), verde (del pensamiento ecologista) y violeta (de la tradici\u00f3n feminista), sobre un fondo blanco que representaba al movimiento pacifista. Estos colores representan la uni\u00f3n de luchas que defini\u00f3 su proyecto intelectual: el encuentro entre el movimiento obrero y los nuevos movimientos sociales. En este sentido, Izquierda Unida, nacida precisamente como un movimiento pol\u00edtico y social en esta misma l\u00ednea, se siente heredera de estas reflexiones. Desde nuestra fundaci\u00f3n en 1986, hemos defendido la unidad del hilo rojo, verde, violeta y el hilo blanco de la lucha por la paz como rasgos centrales de nuestro proyecto pol\u00edtico.<\/p>\n<p>Por todo ello, desde <strong>Izquierda Unida\u00a0hacemos un llamado a la sociedad espa\u00f1ola<\/strong>, a las instituciones y a los movimientos sociales a conmemorar y profundizar en el legado de Manuel Sacrist\u00e1n, tanto en el \u00e1mbito intelectual como en el pol\u00edtico. Este \u201c<strong>A\u00f1o Sacrist\u00e1n<\/strong>\u201d debe ser una oportunidad para seguir aprendiendo de su pensamiento y praxis y para seguir avanzando hacia una sociedad m\u00e1s justa, solidaria y ecol\u00f3gica. Asimismo, animamos a seguir las diversas actividades, que se ir\u00e1n publicitando en la p\u00e1gina web <strong><a href=\"https:\/\/www.sacristan2025.org\/\">sacristan2025.org<\/a> <\/strong>(web pendiente de activaci\u00f3n).<\/p>\n<p>Desde Izquierda Unida, llamamos a nuestra militancia a impulsar y a apoyar iniciativas de divulgaci\u00f3n, eventos y actividades durante este a\u00f1o para reconocer y difundir el pensamiento, la praxis y la figura de Manuel Sacrist\u00e1n, contribuyendo as\u00ed a la continuidad creativa de su legado en la lucha por la emancipaci\u00f3n social y ecol\u00f3gica.<\/p>\n<\/div>\n<\/article>\n<\/div>\n<\/div>\n<\/div>\n<p>&nbsp;<\/p>\n<p>&nbsp;<\/p>\n","protected":false},"excerpt":{"rendered":"<p>Reproducimos, por su evidente inter\u00e9s, el comunicado de Izquierda Unida en apoyo al A\u00f1o Sacrist\u00e1n. Y agradecemos sinceramente el inter\u00e9s<\/p>\n","protected":false},"author":6,"featured_media":0,"comment_status":"open","ping_status":"open","sticky":false,"template":"","format":"standard","meta":{"footnotes":""},"categories":[76],"tags":[],"class_list":["post-1363","post","type-post","status-publish","format-standard","hentry","category-noticias"],"_links":{"self":[{"href":"https:\/\/espai-marx.net\/sacristan\/index.php?rest_route=\/wp\/v2\/posts\/1363","targetHints":{"allow":["GET"]}}],"collection":[{"href":"https:\/\/espai-marx.net\/sacristan\/index.php?rest_route=\/wp\/v2\/posts"}],"about":[{"href":"https:\/\/espai-marx.net\/sacristan\/index.php?rest_route=\/wp\/v2\/types\/post"}],"author":[{"embeddable":true,"href":"https:\/\/espai-marx.net\/sacristan\/index.php?rest_route=\/wp\/v2\/users\/6"}],"replies":[{"embeddable":true,"href":"https:\/\/espai-marx.net\/sacristan\/index.php?rest_route=%2Fwp%2Fv2%2Fcomments&post=1363"}],"version-history":[{"count":1,"href":"https:\/\/espai-marx.net\/sacristan\/index.php?rest_route=\/wp\/v2\/posts\/1363\/revisions"}],"predecessor-version":[{"id":1364,"href":"https:\/\/espai-marx.net\/sacristan\/index.php?rest_route=\/wp\/v2\/posts\/1363\/revisions\/1364"}],"wp:attachment":[{"href":"https:\/\/espai-marx.net\/sacristan\/index.php?rest_route=%2Fwp%2Fv2%2Fmedia&parent=1363"}],"wp:term":[{"taxonomy":"category","embeddable":true,"href":"https:\/\/espai-marx.net\/sacristan\/index.php?rest_route=%2Fwp%2Fv2%2Fcategories&post=1363"},{"taxonomy":"post_tag","embeddable":true,"href":"https:\/\/espai-marx.net\/sacristan\/index.php?rest_route=%2Fwp%2Fv2%2Ftags&post=1363"}],"curies":[{"name":"wp","href":"https:\/\/api.w.org\/{rel}","templated":true}]}}