{"id":1395,"date":"2025-03-10T07:40:00","date_gmt":"2025-03-10T08:40:00","guid":{"rendered":"https:\/\/espai-marx.net\/sacristan\/?p=1395"},"modified":"2025-03-10T07:40:00","modified_gmt":"2025-03-10T08:40:00","slug":"exito-de-la-presentacion-de-filosofia-y-metodologia-de-las-ciencias-sociales-ii-montesinos-2024-en-salamanca","status":"publish","type":"post","link":"https:\/\/espai-marx.net\/sacristan\/?p=1395","title":{"rendered":"\u00c9xito de la presentaci\u00f3n de Filosof\u00eda y Metodolog\u00eda de las Ciencias Sociales II (Montesinos, 2024) en Salamanca"},"content":{"rendered":"<p>El Seminario de Estudios sobre Marxismo y Cultura de la Universidad de Salamanca acogi\u00f3 el pasado martes 25 de febrero la presentaci\u00f3n del libro de Manuel Sacrist\u00e1n<em>\u00a0Filosof\u00eda y Metodolog\u00eda de las Ciencias Sociales II<\/em> (Montesinos, 2024), editado por Salvador L\u00f3pez Arnal y Jos\u00e9 Sarri\u00f3n Andaluz. Dicho evento reuni\u00f3 a un nutrido p\u00fablico en Artilugio Estudio, donde se rindi\u00f3 homenaje al legado del influyente fil\u00f3sofo Manuel Sacrist\u00e1n en el a\u00f1o de su centenario.<\/p>\n<p>El acto cont\u00f3 con la intervenci\u00f3n de fil\u00f3sofo y activista ecologista Jorge Riechmann, a su vez profesor de filosof\u00eda moral de la Universidad Aut\u00f3noma de Madrid (UAM) as\u00ed como de Jos\u00e9 Sarri\u00f3n, profesor de la Universidad de Salamanca y exdiputado de Izquierda Unida\u2013Equo en las Cortes de Castilla y Le\u00f3n. Ambos ponentes abordaron el impacto de Sacrist\u00e1n en el pensamiento contempor\u00e1neo y destacaron la importancia de su obra para comprender las relaciones entre marxismo, ciencia y ecolog\u00eda.<\/p>\n<p>Riechmann, conocido por su compromiso con la justicia clim\u00e1tica, subray\u00f3 la vigencia de las ideas del fil\u00f3sofo homenajeado y su influencia en el desarrollo de un pensamiento ecologista radical. Durante su intervenci\u00f3n, tambi\u00e9n hizo referencia a los actuales desaf\u00edos ambientales y pol\u00edticos, incidiendo en la necesidad de una transformaci\u00f3n estructural para hacer frente a la crisis clim\u00e1tica.<\/p>\n<p>Por su parte, Sarri\u00f3n detall\u00f3 el proceso de recopilaci\u00f3n y edici\u00f3n de los textos in\u00e9ditos de Sacrist\u00e1n, destacando el rigor y la profundidad de sus reflexiones. Asimismo, resalt\u00f3 la importancia de seguir estudiando su legado para comprender las intersecciones entre marxismo y metodolog\u00eda de las ciencias sociales en la actualidad.<\/p>\n<p>El p\u00fablico asistente, compuesto por activistas sociales y ecologistas, estudiantes, investigadores\/as y personas interesadas en el pensamiento cr\u00edtico, particip\u00f3 activamente en el debate posterior a las exposiciones, generando un enriquecedor intercambio de ideas.<\/p>\n<p>La jornada fue organizada por el Grupo de Investigaci\u00f3n sobre Ideolog\u00eda, Imagen y Sociedad (GIIS) y cont\u00f3 con la colaboraci\u00f3n del Departamento de Historia del Arte\/Bellas Artes de la USAL y la Asociaci\u00f3n Profesional de Sociolog\u00eda de Castilla y Le\u00f3n (SOCYL).<\/p>\n<p>El evento concluy\u00f3 con un llamamiento a continuar profundizando en el estudio de la obra de Sacrist\u00e1n y su impacto en las ciencias sociales y el activismo contempor\u00e1neo, dejando patente el inter\u00e9s y la vigencia de su pensamiento en el siglo XXI.<\/p>\n<p>&nbsp;<\/p>\n","protected":false},"excerpt":{"rendered":"<p>El Seminario de Estudios sobre Marxismo y Cultura de la Universidad de Salamanca acogi\u00f3 el pasado martes 25 de febrero<\/p>\n","protected":false},"author":6,"featured_media":1393,"comment_status":"open","ping_status":"open","sticky":false,"template":"","format":"standard","meta":{"footnotes":""},"categories":[76],"tags":[],"class_list":["post-1395","post","type-post","status-publish","format-standard","has-post-thumbnail","hentry","category-noticias"],"_links":{"self":[{"href":"https:\/\/espai-marx.net\/sacristan\/index.php?rest_route=\/wp\/v2\/posts\/1395","targetHints":{"allow":["GET"]}}],"collection":[{"href":"https:\/\/espai-marx.net\/sacristan\/index.php?rest_route=\/wp\/v2\/posts"}],"about":[{"href":"https:\/\/espai-marx.net\/sacristan\/index.php?rest_route=\/wp\/v2\/types\/post"}],"author":[{"embeddable":true,"href":"https:\/\/espai-marx.net\/sacristan\/index.php?rest_route=\/wp\/v2\/users\/6"}],"replies":[{"embeddable":true,"href":"https:\/\/espai-marx.net\/sacristan\/index.php?rest_route=%2Fwp%2Fv2%2Fcomments&post=1395"}],"version-history":[{"count":1,"href":"https:\/\/espai-marx.net\/sacristan\/index.php?rest_route=\/wp\/v2\/posts\/1395\/revisions"}],"predecessor-version":[{"id":1396,"href":"https:\/\/espai-marx.net\/sacristan\/index.php?rest_route=\/wp\/v2\/posts\/1395\/revisions\/1396"}],"wp:featuredmedia":[{"embeddable":true,"href":"https:\/\/espai-marx.net\/sacristan\/index.php?rest_route=\/wp\/v2\/media\/1393"}],"wp:attachment":[{"href":"https:\/\/espai-marx.net\/sacristan\/index.php?rest_route=%2Fwp%2Fv2%2Fmedia&parent=1395"}],"wp:term":[{"taxonomy":"category","embeddable":true,"href":"https:\/\/espai-marx.net\/sacristan\/index.php?rest_route=%2Fwp%2Fv2%2Fcategories&post=1395"},{"taxonomy":"post_tag","embeddable":true,"href":"https:\/\/espai-marx.net\/sacristan\/index.php?rest_route=%2Fwp%2Fv2%2Ftags&post=1395"}],"curies":[{"name":"wp","href":"https:\/\/api.w.org\/{rel}","templated":true}]}}