{"id":1488,"date":"2025-04-30T12:02:59","date_gmt":"2025-04-30T10:02:59","guid":{"rendered":"https:\/\/espai-marx.net\/sacristan\/?p=1488"},"modified":"2025-04-30T12:04:54","modified_gmt":"2025-04-30T10:04:54","slug":"monografico-manuel-sacristan-100-anys-en-realitat","status":"publish","type":"post","link":"https:\/\/espai-marx.net\/sacristan\/?p=1488","title":{"rendered":"Monogr\u00e1fico \u00abManuel Sacrist\u00e1n. 100 anys\u00bb en Realitat"},"content":{"rendered":"<p class=\"\" data-start=\"79\" data-end=\"1100\">La revista <strong data-start=\"90\" data-end=\"102\">Realitat<\/strong> ha publicado recientemente un n\u00famero especial titulado<a href=\"https:\/\/www.realitat.cat\/2025\/04\/presentacio-del-monografic-sobre-manuel-sacristan\/#:~:text=Amb%20motiu%20dels%20cent%20anys,presentem%20a%20la%20revista%20Realitat\"> <em data-start=\"158\" data-end=\"188\">\u00abManuel Sacrist\u00e1n. 100 anys\u00bb<\/em><\/a>, dedicado a conmemorar el centenario del nacimiento del fil\u00f3sofo marxista Manuel Sacrist\u00e1n Luz\u00f3n (1925-2025)\u200b.<\/p>\n<p class=\"\" data-start=\"79\" data-end=\"1100\">Este monogr\u00e1fico biling\u00fce (catal\u00e1n y castellano) re\u00fane textos de numerosos autores vinculados al pensamiento cr\u00edtico y al activismo marxista. Entre ellos se cuentan destacados pensadores e historiadores como <strong data-start=\"1295\" data-end=\"1310\">V\u00edctor R\u00edos<\/strong>, <strong data-start=\"1312\" data-end=\"1332\">Miguel Manzanera<\/strong>, <strong data-start=\"1334\" data-end=\"1356\">Jos\u00e9 Luis Gordillo<\/strong>, <strong data-start=\"1358\" data-end=\"1382\">Luc\u00eda Aliagas Picazo<\/strong>, <strong data-start=\"1384\" data-end=\"1399\">Enric Tello<\/strong>, <strong data-start=\"1401\" data-end=\"1418\">Joan Palliss\u00e9<\/strong>, <strong data-start=\"1420\" data-end=\"1433\">Jordi Mir<\/strong><span data-start=\"1420\" data-end=\"1433\">, <\/span><strong data-start=\"1522\" data-end=\"1539\">Albert Botran<\/strong>, <strong data-start=\"1541\" data-end=\"1569\">\u00c0ngels Mart\u00ednez Castells<\/strong>, <strong data-start=\"1571\" data-end=\"1590\">Antoni Dom\u00e8nech<\/strong>, <strong data-start=\"1592\" data-end=\"1613\">Elena Grau Biosca, Jos\u00e9 Sarri\u00f3n<\/strong>\u00a0o <strong data-start=\"1616\" data-end=\"1646\">Mar\u00eda Pau Trayner Vilanova<\/strong> (todos ellos con perfil acad\u00e9mico o activista), junto a un texto de Sacrist\u00e1n titulado <a href=\"https:\/\/www.realitat.cat\/2025\/04\/el-significado-de-lenin\/#:~:text=El%20significado%20de%20Lenin\"><em data-start=\"1734\" data-end=\"1761\">\u201cEl significado de Lenin\u201d<\/em><\/a>\u200b. En conjunto, el n\u00famero recoge an\u00e1lisis sobre la trayectoria de Sacrist\u00e1n en \u00e1mbitos como la ecolog\u00eda, el pacifismo, el feminismo o la cuesti\u00f3n nacional, a cargo de especialistas de ambos idiomas.<\/p>\n<p class=\"\" data-start=\"2373\" data-end=\"3225\">El objetivo de este <strong data-start=\"2393\" data-end=\"2408\">monogr\u00e1fico<\/strong> es rendir homenaje a Sacrist\u00e1n en su centenario, reforzando la actualidad de su obra y su compromiso pol\u00edtico\u200b. Precisamente, la revista Realitat, \u00f3rgano de expresi\u00f3n del Comunistes de Catalunya, ha enmarcado esta iniciativa dentro de las c<a href=\"https:\/\/www.realitat.cat\/2025\/04\/presentacio-del-monografic-sobre-manuel-sacristan\/#:~:text=Amb%20motiu%20dels%20cent%20anys,presentem%20a%20la%20revista%20Realitat\">onmemoraciones del <em data-start=\"2720\" data-end=\"2737\">\u201cA\u00f1o Sacrist\u00e1n\u201d<\/em> de 2025<\/a>\u200b. Sacrist\u00e1n fue uno de los pensadores marxistas m\u00e1s influyentes del siglo XX en Espa\u00f1a, y la revista destaca que su combinaci\u00f3n de rigor intelectual, coherencia \u00e9tica y compromiso pol\u00edtico dej\u00f3 huella en m\u00faltiples \u00e1mbitos (l\u00f3gica, sociolog\u00eda de la ciencia, ecolog\u00eda, feminismo, pacifismo, etc.)\u200b.<\/p>\n<p class=\"\" data-start=\"3227\" data-end=\"3839\">Cabe destacar tambi\u00e9n la trayectoria hist\u00f3rica de la <strong data-start=\"3280\" data-end=\"3300\">revista Realitat<\/strong> en el pensamiento pol\u00edtico. Fundada en 1974, Realitat se define como un <em data-start=\"3373\" data-end=\"3452\">\u201csetmanari comunista, \u00f2rgan d\u2019expressi\u00f3 de classe de Comunistes de Catalunya\u201d<\/em>. A lo largo de d\u00e9cadas ha sido espacio de debate marxista cr\u00edtico en lengua catalana y castellana, vinculado a corrientes heterodoxas del socialismo. Su compromiso con la teor\u00eda y la praxis pol\u00edtica se refleja en iniciativas como esta: impulsar lecturas accesibles de figuras clave (como Sacrist\u00e1n) para la militancia y el p\u00fablico general.<\/p>\n","protected":false},"excerpt":{"rendered":"<p>La revista Realitat ha publicado recientemente un n\u00famero especial titulado \u00abManuel Sacrist\u00e1n. 100 anys\u00bb, dedicado a conmemorar el centenario del<\/p>\n","protected":false},"author":4,"featured_media":1489,"comment_status":"open","ping_status":"open","sticky":false,"template":"","format":"standard","meta":{"footnotes":""},"categories":[76],"tags":[],"class_list":["post-1488","post","type-post","status-publish","format-standard","has-post-thumbnail","hentry","category-noticias"],"_links":{"self":[{"href":"https:\/\/espai-marx.net\/sacristan\/index.php?rest_route=\/wp\/v2\/posts\/1488","targetHints":{"allow":["GET"]}}],"collection":[{"href":"https:\/\/espai-marx.net\/sacristan\/index.php?rest_route=\/wp\/v2\/posts"}],"about":[{"href":"https:\/\/espai-marx.net\/sacristan\/index.php?rest_route=\/wp\/v2\/types\/post"}],"author":[{"embeddable":true,"href":"https:\/\/espai-marx.net\/sacristan\/index.php?rest_route=\/wp\/v2\/users\/4"}],"replies":[{"embeddable":true,"href":"https:\/\/espai-marx.net\/sacristan\/index.php?rest_route=%2Fwp%2Fv2%2Fcomments&post=1488"}],"version-history":[{"count":2,"href":"https:\/\/espai-marx.net\/sacristan\/index.php?rest_route=\/wp\/v2\/posts\/1488\/revisions"}],"predecessor-version":[{"id":1491,"href":"https:\/\/espai-marx.net\/sacristan\/index.php?rest_route=\/wp\/v2\/posts\/1488\/revisions\/1491"}],"wp:featuredmedia":[{"embeddable":true,"href":"https:\/\/espai-marx.net\/sacristan\/index.php?rest_route=\/wp\/v2\/media\/1489"}],"wp:attachment":[{"href":"https:\/\/espai-marx.net\/sacristan\/index.php?rest_route=%2Fwp%2Fv2%2Fmedia&parent=1488"}],"wp:term":[{"taxonomy":"category","embeddable":true,"href":"https:\/\/espai-marx.net\/sacristan\/index.php?rest_route=%2Fwp%2Fv2%2Fcategories&post=1488"},{"taxonomy":"post_tag","embeddable":true,"href":"https:\/\/espai-marx.net\/sacristan\/index.php?rest_route=%2Fwp%2Fv2%2Ftags&post=1488"}],"curies":[{"name":"wp","href":"https:\/\/api.w.org\/{rel}","templated":true}]}}