{"id":1498,"date":"2025-04-21T11:06:49","date_gmt":"2025-04-21T09:06:49","guid":{"rendered":"https:\/\/espai-marx.net\/sacristan\/?p=1498"},"modified":"2025-05-03T11:18:20","modified_gmt":"2025-05-03T09:18:20","slug":"la-union-de-juventudes-comunistas-de-espana-ujce-celebro-la-ii-escuela-central-de-cuadros-manuel-sacristan","status":"publish","type":"post","link":"https:\/\/espai-marx.net\/sacristan\/?p=1498","title":{"rendered":"La Uni\u00f3n de Juventudes Comunistas de Espa\u00f1a (UJCE) celebr\u00f3 la II Escuela Central de Cuadros \u201cManuel Sacrist\u00e1n\u201d"},"content":{"rendered":"<p>La Uni\u00f3n de Juventudes Comunistas de Espa\u00f1a (UJCE) celebr\u00f3 el fin de semana del 19 y 20 de abril la II Escuela Central de Cuadros \u201cManuel Sacrist\u00e1n\u201d, en un encuentro que ha reunido a decenas de j\u00f3venes militantes de todo el Estado con el prop\u00f3sito de reforzar su formaci\u00f3n te\u00f3rica y pr\u00e1ctica en clave revolucionaria.<\/p>\n<p>El lema del encuentro, \u00abun comunismo que reafirme la voluntad revolucionaria y el intento de conocer con honradez cient\u00edfica la situaci\u00f3n\u00bb, est\u00e1 tomado de las conocidas cartas de Manuel Sacrist\u00e1n sobre el eurocomunismo.<\/p>\n<p><a href=\"https:\/\/espai-marx.net\/sacristan\/?attachment_id=1501\" rel=\"attachment wp-att-1501\"><img loading=\"lazy\" decoding=\"async\" class=\"alignright size-medium wp-image-1501\" src=\"https:\/\/espai-marx.net\/sacristan\/wp-content\/uploads\/2025\/05\/GpATcr1XMAANCtf-300x169.jpeg\" alt=\"\" width=\"300\" height=\"169\" srcset=\"https:\/\/espai-marx.net\/sacristan\/wp-content\/uploads\/2025\/05\/GpATcr1XMAANCtf-300x169.jpeg 300w, https:\/\/espai-marx.net\/sacristan\/wp-content\/uploads\/2025\/05\/GpATcr1XMAANCtf-768x432.jpeg 768w, https:\/\/espai-marx.net\/sacristan\/wp-content\/uploads\/2025\/05\/GpATcr1XMAANCtf.jpeg 1024w\" sizes=\"auto, (max-width: 300px) 100vw, 300px\" \/><\/a><\/p>\n<p>Desde la organizaci\u00f3n han declarado que se trat\u00f3 de \u201cun encuentro entre j\u00f3venes de todo el estado reunidas con el objetivo de reafirmarnos en nuestra voluntad transformadora y revolucionaria\u201d, afirman desde la organizaci\u00f3n. A trav\u00e9s de estos encuentros tratamos de estudiar con honradez cient\u00edfica nuestra situaci\u00f3n actual como trabajadoras en Espa\u00f1a y los pasos que daremos para la conquista de un futuro socialista\u00bb.<\/p>\n<p>Aqu\u00ed puede consultarse el Reel de la UJCE en torno a la II Escuela Central de Cuadros \u201cManuel Sacrist\u00e1n\u201d: https:\/\/www.facebook.com\/reel\/1014331490762098<\/p>\n<div style=\"width: 720px;\" class=\"wp-video\"><video class=\"wp-video-shortcode\" id=\"video-1498-1\" width=\"720\" height=\"1280\" preload=\"metadata\" controls=\"controls\"><source type=\"video\/mp4\" src=\"https:\/\/espai-marx.net\/sacristan\/wp-content\/uploads\/2025\/05\/FDownloader.Net_AQPAhhYF1_Y0hmq8HgbMyDs4FX5EjZJLYJuAYWdpAVJ1LqtHkAeCH0s7bpPbXwD7-o3lHdd-9EoeIQl6GUbKvKJj_720p_HD.mp4?_=1\" \/><a href=\"https:\/\/espai-marx.net\/sacristan\/wp-content\/uploads\/2025\/05\/FDownloader.Net_AQPAhhYF1_Y0hmq8HgbMyDs4FX5EjZJLYJuAYWdpAVJ1LqtHkAeCH0s7bpPbXwD7-o3lHdd-9EoeIQl6GUbKvKJj_720p_HD.mp4\">https:\/\/espai-marx.net\/sacristan\/wp-content\/uploads\/2025\/05\/FDownloader.Net_AQPAhhYF1_Y0hmq8HgbMyDs4FX5EjZJLYJuAYWdpAVJ1LqtHkAeCH0s7bpPbXwD7-o3lHdd-9EoeIQl6GUbKvKJj_720p_HD.mp4<\/a><\/video><\/div>\n<p>&nbsp;<\/p>\n","protected":false},"excerpt":{"rendered":"<p>La Uni\u00f3n de Juventudes Comunistas de Espa\u00f1a (UJCE) celebr\u00f3 el fin de semana del 19 y 20 de abril la<\/p>\n","protected":false},"author":4,"featured_media":1499,"comment_status":"open","ping_status":"open","sticky":false,"template":"","format":"standard","meta":{"footnotes":""},"categories":[76],"tags":[],"class_list":["post-1498","post","type-post","status-publish","format-standard","has-post-thumbnail","hentry","category-noticias"],"_links":{"self":[{"href":"https:\/\/espai-marx.net\/sacristan\/index.php?rest_route=\/wp\/v2\/posts\/1498","targetHints":{"allow":["GET"]}}],"collection":[{"href":"https:\/\/espai-marx.net\/sacristan\/index.php?rest_route=\/wp\/v2\/posts"}],"about":[{"href":"https:\/\/espai-marx.net\/sacristan\/index.php?rest_route=\/wp\/v2\/types\/post"}],"author":[{"embeddable":true,"href":"https:\/\/espai-marx.net\/sacristan\/index.php?rest_route=\/wp\/v2\/users\/4"}],"replies":[{"embeddable":true,"href":"https:\/\/espai-marx.net\/sacristan\/index.php?rest_route=%2Fwp%2Fv2%2Fcomments&post=1498"}],"version-history":[{"count":1,"href":"https:\/\/espai-marx.net\/sacristan\/index.php?rest_route=\/wp\/v2\/posts\/1498\/revisions"}],"predecessor-version":[{"id":1502,"href":"https:\/\/espai-marx.net\/sacristan\/index.php?rest_route=\/wp\/v2\/posts\/1498\/revisions\/1502"}],"wp:featuredmedia":[{"embeddable":true,"href":"https:\/\/espai-marx.net\/sacristan\/index.php?rest_route=\/wp\/v2\/media\/1499"}],"wp:attachment":[{"href":"https:\/\/espai-marx.net\/sacristan\/index.php?rest_route=%2Fwp%2Fv2%2Fmedia&parent=1498"}],"wp:term":[{"taxonomy":"category","embeddable":true,"href":"https:\/\/espai-marx.net\/sacristan\/index.php?rest_route=%2Fwp%2Fv2%2Fcategories&post=1498"},{"taxonomy":"post_tag","embeddable":true,"href":"https:\/\/espai-marx.net\/sacristan\/index.php?rest_route=%2Fwp%2Fv2%2Ftags&post=1498"}],"curies":[{"name":"wp","href":"https:\/\/api.w.org\/{rel}","templated":true}]}}