{"id":1506,"date":"2025-03-23T11:31:20","date_gmt":"2025-03-23T10:31:20","guid":{"rendered":"https:\/\/espai-marx.net\/sacristan\/?p=1506"},"modified":"2025-05-03T11:35:38","modified_gmt":"2025-05-03T09:35:38","slug":"actividades-en-conmemoracion-del-centenario-de-sacristan-en-mexico","status":"publish","type":"post","link":"https:\/\/espai-marx.net\/sacristan\/?p=1506","title":{"rendered":"Actividades en conmemoraci\u00f3n del Centenario de Sacrist\u00e1n en M\u00e9xico"},"content":{"rendered":"<p>En la ciudad de M\u00e9xico se han realizado este a\u00f1o unas jornadas conmemorativas los d\u00edas 20 y 21 de marzo, en el espacio universitario del Plantel del Valle dentro de la UACM (Universidad Aut\u00f3noma de la Ciudad de M\u00e9xico).<\/p>\n<p>La conmemoraci\u00f3n comenz\u00f3 el jueves 20 con una videoconferencia bajo el t\u00edtulo La pr\u00e1ctica de la teor\u00eda en Manuel Sacrist\u00e1n, con la participaci\u00f3n de Salvador L\u00f3pez Arnal, Jos\u00e9 Luis Moreno Pesta\u00f1a, Jos\u00e9 Sarri\u00f3n, V\u00edctor R\u00edos y Miguel Manzanera. Y por la tarde del mismo d\u00eda una mesa de debate con el profesor mexicano Ignacio Perrotini, la profesora de la UACM Tania Carranza y Miguel Manzanera, sobre \u00abLa actualidad del pensamiento de Manuel Sacrist\u00e1n\u00bb.<\/p>\n<p>En la ma\u00f1ana del viernes 21 se proyect\u00f3 el documental<em> Integral Sacrist\u00e1n 4<\/em>, referente a sus actividades pol\u00edticas. Por la tarde el grupo de teatro Coincidir realiz\u00f3 el estreno mundial de su obra de teatro <em>El pasillo<\/em> en el Aula Magna del Plantel del Valle, acondicionada como escenario para la representaci\u00f3n. La puesta en escena alcanz\u00f3 una calidad excepcional, poniendo de relieve la fuerza del guion sacristaniano sobre la lucha social. Recordemos que <em>El pasillo<\/em> recrea hechos hist\u00f3ricos de Barcelona: la guerrilla urbana antifranquista que mantuvo su actividad hasta los a\u00f1os 60. El p\u00fablico que llenaba la peque\u00f1a sala no se cans\u00f3 de aplaudir una y otra vez a los actores dirigidos por Maxi Pelayo.<\/p>\n<p>El 22 de marzo se hizo la presentaci\u00f3n del libro de Miguel Manzanera<em>\u00a0La trayectoria intelectual de Manuel Sacrist\u00e1n. Teor\u00eda y pr\u00e1ctica<\/em>, en el instituto Nacional para la Formaci\u00f3n Pol\u00edtica de Morena -actual partido gobernante en los Estados Unidos Mexicanos.<\/p>\n","protected":false},"excerpt":{"rendered":"<p>En la ciudad de M\u00e9xico se han realizado este a\u00f1o unas jornadas conmemorativas los d\u00edas 20 y 21 de marzo,<\/p>\n","protected":false},"author":4,"featured_media":0,"comment_status":"open","ping_status":"open","sticky":false,"template":"","format":"standard","meta":{"footnotes":""},"categories":[76],"tags":[],"class_list":["post-1506","post","type-post","status-publish","format-standard","hentry","category-noticias"],"_links":{"self":[{"href":"https:\/\/espai-marx.net\/sacristan\/index.php?rest_route=\/wp\/v2\/posts\/1506","targetHints":{"allow":["GET"]}}],"collection":[{"href":"https:\/\/espai-marx.net\/sacristan\/index.php?rest_route=\/wp\/v2\/posts"}],"about":[{"href":"https:\/\/espai-marx.net\/sacristan\/index.php?rest_route=\/wp\/v2\/types\/post"}],"author":[{"embeddable":true,"href":"https:\/\/espai-marx.net\/sacristan\/index.php?rest_route=\/wp\/v2\/users\/4"}],"replies":[{"embeddable":true,"href":"https:\/\/espai-marx.net\/sacristan\/index.php?rest_route=%2Fwp%2Fv2%2Fcomments&post=1506"}],"version-history":[{"count":1,"href":"https:\/\/espai-marx.net\/sacristan\/index.php?rest_route=\/wp\/v2\/posts\/1506\/revisions"}],"predecessor-version":[{"id":1507,"href":"https:\/\/espai-marx.net\/sacristan\/index.php?rest_route=\/wp\/v2\/posts\/1506\/revisions\/1507"}],"wp:attachment":[{"href":"https:\/\/espai-marx.net\/sacristan\/index.php?rest_route=%2Fwp%2Fv2%2Fmedia&parent=1506"}],"wp:term":[{"taxonomy":"category","embeddable":true,"href":"https:\/\/espai-marx.net\/sacristan\/index.php?rest_route=%2Fwp%2Fv2%2Fcategories&post=1506"},{"taxonomy":"post_tag","embeddable":true,"href":"https:\/\/espai-marx.net\/sacristan\/index.php?rest_route=%2Fwp%2Fv2%2Ftags&post=1506"}],"curies":[{"name":"wp","href":"https:\/\/api.w.org\/{rel}","templated":true}]}}