{"id":1545,"date":"2025-03-13T07:36:56","date_gmt":"2025-03-13T06:36:56","guid":{"rendered":"https:\/\/espai-marx.net\/sacristan\/?p=1545"},"modified":"2025-05-11T07:40:39","modified_gmt":"2025-05-11T05:40:39","slug":"audio-del-homenaje-de-la-uam-al-centenario-de-manuel-sacristan-titulada-marxismo-lucha-social-y-ecologia-politica","status":"publish","type":"post","link":"https:\/\/espai-marx.net\/sacristan\/?p=1545","title":{"rendered":"Audio del homenaje de la UAM al centenario de Manuel Sacrist\u00e1n, titulada \u201cMarxismo, lucha social y ecolog\u00eda pol\u00edtica\u201d"},"content":{"rendered":"<p>Un enlace que nos permite escuchar la interesante mesa redonda del pasado 12 de marzo en la Universidad Aut\u00f3noma de Madrid. <a href=\"https:\/\/dauam-my.sharepoint\/\">https:\/\/dauam-my.sharepoint<\/a><a href=\"https:\/\/dauam-my.sharepoint.com\/:v:\/g\/personal\/jorge_riechmann_uam_es\/EQwY0GYyMYRApxIJrwbZpNsBwHejPBVBPKlzF-4Y6CtOoQ?e=B8IGfp&amp;nav=eyJyZWZlcnJhbEluZm8iOnsicmVmZXJyYWxBcHAiOiJTdHJlYW1XZWJBcHAiLCJyZWZlcnJhbFZpZXciOiJTaGFyZURpYWxvZy1MaW5rIiwicmVmZXJyYWxBcHBQbGF0Zm9ybSI6IldlYiIsInJlZmVycmFsTW9kZSI6InZpZXcifSwicGxheWJhY2tPcHRpb25zIjp7InN0YXJ0VGltZUluU2Vjb25kcyI6MzE2LjR9fQ%3D%3D\" target=\"_blank\" rel=\"noopener noreferrer\">.<\/a><\/p>\n<p>La Universidad Aut\u00f3noma de Madrid celebr\u00f3 el 12 de marzo de 2025 en la Facultad de Filosof\u00eda y Letras (Cantoblanco) una jornada en homenaje al centenario de Manuel Sacrist\u00e1n (1925\u20131985), titulada \u201cMarxismo, lucha social y ecolog\u00eda pol\u00edtica\u201d.<\/p>\n<p>Bajo la moderaci\u00f3n de Jorge Riechmann y con la presentaci\u00f3n de la antolog\u00eda <em data-start=\"425\" data-end=\"467\">Manuel Sacrist\u00e1n: socialismo y filosof\u00eda<\/em> (Catarata, 2025), intervinieron Pedro Ribas, Luis Enrique Alonso, Montserrat Galcer\u00e1n y Gonzalo Gallardo, quienes repasaron su contribuci\u00f3n a la filosof\u00eda espa\u00f1ola, el ecomarxismo, el marxismo heterodoxo y su labor universitaria.<\/p>\n","protected":false},"excerpt":{"rendered":"<p>Un enlace que nos permite escuchar la interesante mesa redonda del pasado 12 de marzo en la Universidad Aut\u00f3noma de<\/p>\n","protected":false},"author":4,"featured_media":1297,"comment_status":"open","ping_status":"open","sticky":false,"template":"","format":"standard","meta":{"footnotes":""},"categories":[76],"tags":[],"class_list":["post-1545","post","type-post","status-publish","format-standard","has-post-thumbnail","hentry","category-noticias"],"_links":{"self":[{"href":"https:\/\/espai-marx.net\/sacristan\/index.php?rest_route=\/wp\/v2\/posts\/1545","targetHints":{"allow":["GET"]}}],"collection":[{"href":"https:\/\/espai-marx.net\/sacristan\/index.php?rest_route=\/wp\/v2\/posts"}],"about":[{"href":"https:\/\/espai-marx.net\/sacristan\/index.php?rest_route=\/wp\/v2\/types\/post"}],"author":[{"embeddable":true,"href":"https:\/\/espai-marx.net\/sacristan\/index.php?rest_route=\/wp\/v2\/users\/4"}],"replies":[{"embeddable":true,"href":"https:\/\/espai-marx.net\/sacristan\/index.php?rest_route=%2Fwp%2Fv2%2Fcomments&post=1545"}],"version-history":[{"count":1,"href":"https:\/\/espai-marx.net\/sacristan\/index.php?rest_route=\/wp\/v2\/posts\/1545\/revisions"}],"predecessor-version":[{"id":1546,"href":"https:\/\/espai-marx.net\/sacristan\/index.php?rest_route=\/wp\/v2\/posts\/1545\/revisions\/1546"}],"wp:featuredmedia":[{"embeddable":true,"href":"https:\/\/espai-marx.net\/sacristan\/index.php?rest_route=\/wp\/v2\/media\/1297"}],"wp:attachment":[{"href":"https:\/\/espai-marx.net\/sacristan\/index.php?rest_route=%2Fwp%2Fv2%2Fmedia&parent=1545"}],"wp:term":[{"taxonomy":"category","embeddable":true,"href":"https:\/\/espai-marx.net\/sacristan\/index.php?rest_route=%2Fwp%2Fv2%2Fcategories&post=1545"},{"taxonomy":"post_tag","embeddable":true,"href":"https:\/\/espai-marx.net\/sacristan\/index.php?rest_route=%2Fwp%2Fv2%2Ftags&post=1545"}],"curies":[{"name":"wp","href":"https:\/\/api.w.org\/{rel}","templated":true}]}}