{"id":1589,"date":"2025-05-17T10:20:51","date_gmt":"2025-05-17T08:20:51","guid":{"rendered":"https:\/\/espai-marx.net\/sacristan\/?p=1589"},"modified":"2025-05-17T10:20:51","modified_gmt":"2025-05-17T08:20:51","slug":"manuel-sacristan-un-pensamiento-vivo-y-actual-por-victor-rios","status":"publish","type":"post","link":"https:\/\/espai-marx.net\/sacristan\/?p=1589","title":{"rendered":"\u00abManuel Sacrist\u00e1n, un pensamiento vivo y actual\u00bb, por V\u00edctor R\u00edos"},"content":{"rendered":"<div class=\"c-header\">\n<div class=\"news-header\">\n<p>Reproducimos, por su evidente inter\u00e9s, este art\u00edculo de V\u00edctor R\u00edos reproducido en la edici\u00f3n catalana de ElDiario.es : https:\/\/www.eldiario.es\/catalunya\/opinions\/manuel-sacristan-pensamiento-vivo-actual_129_12304153.html<\/p>\n<h1>&#8212;&#8212;<\/h1>\n<h1 class=\"title\">Manuel Sacrist\u00e1n, un pensamiento vivo y actual<\/h1>\n<ul class=\"footer\">\n<li>\n<h2>El centenario de su nacimiento brinda una buena ocasi\u00f3n para aproximarnos a la figura y a la obra de uno de los pensadores m\u00e1s fecundos y polifac\u00e9ticos de nuestro pa\u00eds en la segunda mitad del siglo XX<\/h2>\n<\/li>\n<\/ul>\n<\/div>\n<\/div>\n<div class=\"c-subheader\">\n<div class=\"author-pill-wrapper\">\n<footer class=\"cmp-featured-signature-component\">\n<div class=\"featured-signature-component no-image\">\n<div class=\"featured-data\">\n<div class=\"featured-name__wrapper\"><a class=\"featured-name\" href=\"https:\/\/www.eldiario.es\/autores\/victor-rios\/\">V\u00edctor R\u00edos<\/a><\/div>\n<\/div>\n<\/div>\n<\/footer>\n<\/div>\n<footer class=\"rs-pill\">\n<div class=\"edi-social-buttons\">\n<div><\/div>\n<\/div>\n<\/footer>\n<\/div>\n<div class=\"content-container col-12 col-lg-8\">\n<div class=\"c-content\">\n<div class=\"partner-wrapper opening\" data-mrf-recirculation=\"Apertura\">\n<div class=\"second-col\">\n<figure class=\"ni-figure\"><picture class=\"news-image\"><source srcset=\"https:\/\/static.eldiario.es\/clip\/ad16add7-730a-47c5-ba4b-f9882fba920b_16-9-discover-aspect-ratio_50p_0.webp\" type=\"image\/webp\" media=\"(max-width: 576px)\" \/><source srcset=\"https:\/\/static.eldiario.es\/clip\/ad16add7-730a-47c5-ba4b-f9882fba920b_16-9-discover-aspect-ratio_50p_0.jpg\" type=\"image\/jpg\" media=\"(max-width: 576px)\" \/><source srcset=\"https:\/\/static.eldiario.es\/clip\/ad16add7-730a-47c5-ba4b-f9882fba920b_16-9-discover-aspect-ratio_75p_0.webp\" type=\"image\/webp\" media=\"(max-width: 767px)\" \/><source srcset=\"https:\/\/static.eldiario.es\/clip\/ad16add7-730a-47c5-ba4b-f9882fba920b_16-9-discover-aspect-ratio_75p_0.jpg\" type=\"image\/jpg\" media=\"(max-width: 767px)\" \/><source srcset=\"https:\/\/static.eldiario.es\/clip\/ad16add7-730a-47c5-ba4b-f9882fba920b_16-9-discover-aspect-ratio_default_0.webp\" type=\"image\/webp\" \/><source srcset=\"https:\/\/static.eldiario.es\/clip\/ad16add7-730a-47c5-ba4b-f9882fba920b_16-9-discover-aspect-ratio_default_0.jpg\" type=\"image\/jpg\" \/><img decoding=\"async\" src=\"https:\/\/static.eldiario.es\/clip\/ad16add7-730a-47c5-ba4b-f9882fba920b_16-9-discover-aspect-ratio_default_0.jpg\" alt=\"En los \u00faltimos a\u00f1os de su vida Manuel Sacrist\u00e1n centr\u00f3 su atenci\u00f3n en la crisis ecosocial y las amenazas b\u00e9licas para la supervivencia de la especie humana.\" \/><\/picture><figcaption class=\"image-footer\"><span class=\"title\">En los \u00faltimos a\u00f1os de su vida Manuel Sacrist\u00e1n centr\u00f3 su atenci\u00f3n en la crisis ecosocial y las amenazas b\u00e9licas para la supervivencia de la especie humana. <\/span><\/figcaption><\/figure>\n<\/div>\n<div class=\"news-info\" data-mrf-recirculation=\"firma\">\n<div class=\"info-wrapper\">\n<div class=\"date-comments-wrapper\">\n<div class=\"date\"><em><span class=\"day\">16 de mayo de 2025<\/span> <span class=\"hour\">10:30 h<\/span><\/em><\/div>\n<p><em><time class=\"date modification-date\" datetime=\"2025-05-16T10:31:03+02:00\"><span class=\"day\">Actualizado el 16\/05\/2025<\/span> <span class=\"hour\">10:31 h<\/span><\/time><\/em><\/div>\n<\/div>\n<\/div>\n<\/div>\n<div class=\"partner-wrapper article-page__body-row\">\n<div class=\"second-col\">\n<p class=\"article-text\">El centenario del nacimiento de Manuel Sacrist\u00e1n (1925-1985) brinda una buena ocasi\u00f3n para aproximarnos a la figura y a la obra de uno de los pensadores m\u00e1s fecundos y polifac\u00e9ticos de nuestro pa\u00eds en la segunda mitad del siglo XX. Su legado, marcado por el rigor intelectual y el compromiso \u00e9tico,\u00a0contiene m\u00faltiples contribuciones para reflexionar y actuar ante los grandes retos del presente y el futuro de nuestra sociedad.<\/p>\n<p class=\"article-text\">Quienes lo tratamos siendo m\u00e1s j\u00f3venes y compartimos con \u00e9l principios y proyectos por los caminos de la vida desde finales de la d\u00e9cada de los 60 hasta su prematura muerte el 27 de agosto de 1985 \u2013primero en el PSUC bajo el franquismo y luego en Comisiones Obreras de Ense\u00f1anza, el Comit\u00e9 Antinuclear de Catalunya y la revista <em>mientras tanto<\/em>\u2013, guardamos en nuestra memoria el recuerdo de un maestro con todas las letras. Sab\u00eda mucho, lo transmit\u00eda bien y adem\u00e1s se\u00f1alaba fines. Su obra, adem\u00e1s de ense\u00f1ar cosas, nos ense\u00f1\u00f3 a vivir y todo lo que el vivir conlleva, como escribi\u00f3 \u00e9l glosando a Ortega.<\/p>\n<div class=\"edi-advertising ad__no-dotted ad__no-legend ad-desktop-intext hide-in-mobile\">\n<div class=\"advertising-wrapper\">\n<div id=\"1000422_mediumRectangle\" class=\"advertising\" data-google-query-id=\"CJnJ1siIqo0DFdBIHQkdIhYYig\">\n<div id=\"google_ads_iframe_\/123333327\/eldiario.es\/noticia_intext_display_0__container__\"><\/div>\n<\/div>\n<\/div>\n<\/div>\n<p class=\"article-text\">Su trayectoria intelectual comprende consideraciones sobre las principales corrientes filos\u00f3ficas contempor\u00e1neas y el lugar de la filosof\u00eda en los estudios superiores,\u00a0el estudio de la l\u00f3gica formal, la funci\u00f3n de la Universidad en la divisi\u00f3n social del trabajo, la sociolog\u00eda y pol\u00edtica de la ciencia, la metodolog\u00eda de las ciencias sociales, textos de cr\u00edtica literaria, estudios sobre la tradici\u00f3n marxista y autores como Marx, Engels, Lenin, Gramsci, Luk\u00e1cs y Bujarin,\u00a0entre otros, as\u00ed como sobre otras personalidades que despertaron su inter\u00e9s como lo hicieron de modo singular Simone Weil o el indio Ger\u00f3nimo y la cultura apache.<\/p>\n<p class=\"article-text\">En los \u00faltimos a\u00f1os de su vida Manuel Sacrist\u00e1n centr\u00f3 su atenci\u00f3n en la crisis ecosocial y las amenazas b\u00e9licas para la supervivencia de la especie humana, as\u00ed como en la necesaria reafirmaci\u00f3n de la voluntad \u00e9tico-pol\u00edtica transformadora unida a la renovaci\u00f3n de la identidad comunista y del pensamiento y la pr\u00e1ctica del movimiento emancipatorio contempor\u00e1neo.<\/p>\n<p class=\"article-text\">La toma en consideraci\u00f3n de los datos y alertas expresadas desde la comunidad cient\u00edfica, las manifestaciones observables de la crisis ecol\u00f3gica y la urgencia de hacer frente a los retos planteados llevaron a Manuel Sacrist\u00e1n a revisar la comprensi\u00f3n de dos actores claves en los procesos sociales: la lucha de clases y la ciencia como fuerza productiva. \u00bfC\u00f3mo responder\u00e1n las clases trabajadoras frente a los problemas ecol\u00f3gicos? \u00bfPodr\u00edamos acabar desembocando en el desastre de todas las clases en lucha en lugar de en la victoria de una clase sobre otra? Para Sacrist\u00e1n las clases trabajadoras precisan a\u00f1adir una nueva consciencia de su papel como sujeto transformador en su condici\u00f3n sustentadora de la especie, conservadora de la vida, elemento imprescindible del metabolismo de la sociedad con la naturaleza. Y en ese marco, cobra especial importancia el papel de las mujeres en la sostenibilidad de la vida y el de las aportaciones culturales de los ecofeminismos.<\/p>\n<p class=\"article-text\">El otro factor novedoso observado por Sacrist\u00e1n lo constituye el hecho de que en el doble papel de la ciencia como fuerza productiva y a la vez destructiva, este segundo aspecto aparezca ya en un nivel que nos sit\u00fae ante la perspectiva de una tiran\u00eda integral basada en el estado at\u00f3mico o en determinados usos de la ingenier\u00eda gen\u00e9tica (y otros de la inteligencia artificial, podr\u00edamos a\u00f1adir hoy).<\/p>\n<p class=\"article-text\">El otro tema del que se ocup\u00f3 Manuel Sacrist\u00e1n de forma destacada en sus \u00faltimos a\u00f1os fue el de carrera de armamentos, el peligro de una guerra con armas nucleares y la importancia de fundamentar la respuesta pacifista y de los movimientos por la paz desde los nuevos par\u00e1metros impuestos por las innovaciones de las tecnolog\u00edas b\u00e9licas. Ello le llev\u00f3 tambi\u00e9n a implicarse activamente en el movimiento contra la permanencia de Espa\u00f1a en la OTAN,\u00a0polemizando duramente con sus \u201cintelectuales org\u00e1nicos\u201d y con las fuerzas pol\u00edticas empe\u00f1adas en el arte perverso de la pol\u00edtica tradicional de conducir a los pueblos a donde no quieren ir, violentando sus consciencias mediante \u201clavados de cerebro\u201d con la construcci\u00f3n de relatos de miedo y odio falsos y chantajistas. Una situaci\u00f3n que se ve hoy realimentada por la nueva escalada armamentista y belicista, bien documentada en recientes informes del Centre Del\u00e0s de Estudios por la Paz de Barcelona o del SIPRI de Estocolmo.<\/p>\n<p class=\"article-text\">Manuel Sacrist\u00e1n nos dej\u00f3 hace cuarenta a\u00f1os un conjunto de reflexiones y propuestas que tiene inter\u00e9s revisitar, a la vez que conocer los frutos que est\u00e1n dando hoy investigaciones que sin duda le habr\u00edan interesado mucho, como las de Enric Tello sobre enfoques biof\u00edsicos de las desigualdades sociales y de g\u00e9nero en los sistemas agroalimentarios a partir de nuevos an\u00e1lisis ecol\u00f3gicos micro y macroecon\u00f3micos, las de Oscar Carpintero y el Grupo de\u00a0 Energ\u00eda, Econom\u00eda y din\u00e1mica de Sistemas (GEEDS) de Valladolid o los trabajos de Antonio y Alicia Valero, Joaquim Sempere y Jorge Riechmann, entre otros.<\/p>\n<p class=\"article-text\">La Fundaci\u00f3n Neus Catal\u00e0 est\u00e1 llevando a cabo conferencias, seminarios y jornadas divulgativas sobre la figura y la obra de Manuel Sacrist\u00e1n y preparando nuevas actividades dedicadas a conmemorar el centenario del nacimiento de una persona que dedic\u00f3 su vida a poner su lucidez y su consistencia intelectual y \u00e9tico-pol\u00edtica al servicio del combate por una humanidad justa y libre en una Tierra habitable.<\/p>\n<\/div>\n<\/div>\n<\/div>\n<\/div>\n","protected":false},"excerpt":{"rendered":"<p>Reproducimos, por su evidente inter\u00e9s, este art\u00edculo de V\u00edctor R\u00edos reproducido en la edici\u00f3n catalana de ElDiario.es : https:\/\/www.eldiario.es\/catalunya\/opinions\/manuel-sacristan-pensamiento-vivo-actual_129_12304153.html &#8212;&#8212;<\/p>\n","protected":false},"author":4,"featured_media":1590,"comment_status":"open","ping_status":"open","sticky":false,"template":"","format":"standard","meta":{"footnotes":""},"categories":[65],"tags":[],"class_list":["post-1589","post","type-post","status-publish","format-standard","has-post-thumbnail","hentry","category-textos"],"_links":{"self":[{"href":"https:\/\/espai-marx.net\/sacristan\/index.php?rest_route=\/wp\/v2\/posts\/1589","targetHints":{"allow":["GET"]}}],"collection":[{"href":"https:\/\/espai-marx.net\/sacristan\/index.php?rest_route=\/wp\/v2\/posts"}],"about":[{"href":"https:\/\/espai-marx.net\/sacristan\/index.php?rest_route=\/wp\/v2\/types\/post"}],"author":[{"embeddable":true,"href":"https:\/\/espai-marx.net\/sacristan\/index.php?rest_route=\/wp\/v2\/users\/4"}],"replies":[{"embeddable":true,"href":"https:\/\/espai-marx.net\/sacristan\/index.php?rest_route=%2Fwp%2Fv2%2Fcomments&post=1589"}],"version-history":[{"count":1,"href":"https:\/\/espai-marx.net\/sacristan\/index.php?rest_route=\/wp\/v2\/posts\/1589\/revisions"}],"predecessor-version":[{"id":1591,"href":"https:\/\/espai-marx.net\/sacristan\/index.php?rest_route=\/wp\/v2\/posts\/1589\/revisions\/1591"}],"wp:featuredmedia":[{"embeddable":true,"href":"https:\/\/espai-marx.net\/sacristan\/index.php?rest_route=\/wp\/v2\/media\/1590"}],"wp:attachment":[{"href":"https:\/\/espai-marx.net\/sacristan\/index.php?rest_route=%2Fwp%2Fv2%2Fmedia&parent=1589"}],"wp:term":[{"taxonomy":"category","embeddable":true,"href":"https:\/\/espai-marx.net\/sacristan\/index.php?rest_route=%2Fwp%2Fv2%2Fcategories&post=1589"},{"taxonomy":"post_tag","embeddable":true,"href":"https:\/\/espai-marx.net\/sacristan\/index.php?rest_route=%2Fwp%2Fv2%2Ftags&post=1589"}],"curies":[{"name":"wp","href":"https:\/\/api.w.org\/{rel}","templated":true}]}}