{"id":1631,"date":"2025-06-06T13:31:42","date_gmt":"2025-06-06T11:31:42","guid":{"rendered":"https:\/\/espai-marx.net\/sacristan\/?p=1631"},"modified":"2025-06-06T13:31:42","modified_gmt":"2025-06-06T11:31:42","slug":"videos-del-seminario-de-salamanca-razon-pasion-revolucion-el-legado-politico-filosofico-de-manuel-sacristan","status":"publish","type":"post","link":"https:\/\/espai-marx.net\/sacristan\/?p=1631","title":{"rendered":"V\u00eddeos del Seminario de Salamanca \u00abRaz\u00f3n, pasi\u00f3n, revoluci\u00f3n. El legado pol\u00edtico-filos\u00f3fico de Manuel Sacrist\u00e1n\u00bb"},"content":{"rendered":"<p data-start=\"790\" data-end=\"867\">Ya est\u00e1n disponibles los v\u00eddeos del Seminario de Textos <em data-start=\"242\" data-end=\"269\">Raz\u00f3n, pasi\u00f3n, revoluci\u00f3n. El legado pol\u00edtico-filos\u00f3fico de Manuel Sacrist\u00e1n, <\/em>que se celebr\u00f3 el pasado 2 de junio en la Universidad de Salamanca como parte del Programa de Doctorado de Filosof\u00eda y conmemorado en el centenario de Manuel Sacrist\u00e1n (1925\u20112025).<\/p>\n<p data-start=\"790\" data-end=\"867\">Este evento congreg\u00f3 a cuatro especialistas para comentar textos clave del fil\u00f3sofo marxista, con participaci\u00f3n tambi\u00e9n por streaming de diversos especialistas, disc\u00edpulos y amigos de Sacrist\u00e1n.<\/p>\n<p data-start=\"872\" data-end=\"1047\"><strong data-start=\"872\" data-end=\"892\">Sesi\u00f3n de ma\u00f1ana<\/strong>:<br data-start=\"893\" data-end=\"896\" \/>&lt;a href=\u00bbhttps:\/\/www.youtube.com\/live\/gxcFw9NxQws?si=OGjSWha2g5yB-Ve\u00bb target=\u00bb_blank\u00bb&gt;<a class=\"\" href=\"https:\/\/www.youtube.com\/live\/gxcFw9NxQws?si=OGjSWha2g5yB-Ve\" target=\"_new\" rel=\"noopener\" data-start=\"984\" data-end=\"1043\">https:\/\/www.youtube.com\/live\/gxcFw9NxQws?si=OGjSWha2g5yB-Ve<\/a>&lt;\/a&gt;<\/p>\n<p><iframe loading=\"lazy\" title=\"EL LEGADO POL\u00cdTICO Y FILOS\u00d3FICO DE MANUEL SACRIST\u00c1N. SEMINARIO DE TEXTOS. (SESI\u00d3N DE MA\u00d1ANA)\" width=\"800\" height=\"450\" src=\"https:\/\/www.youtube.com\/embed\/gxcFw9NxQws?feature=oembed\" frameborder=\"0\" allow=\"accelerometer; autoplay; clipboard-write; encrypted-media; gyroscope; picture-in-picture; web-share\" referrerpolicy=\"strict-origin-when-cross-origin\" allowfullscreen><\/iframe><\/p>\n<p data-start=\"1052\" data-end=\"1228\"><strong data-start=\"1052\" data-end=\"1071\">Sesi\u00f3n de tarde<\/strong>:<br data-start=\"1072\" data-end=\"1075\" \/>&lt;a href=\u00bbhttps:\/\/www.youtube.com\/live\/ACXyG6r2gWE?si=xy4yGq2tqzzuL-jj\u00bb target=\u00bb_blank\u00bb&gt;<a class=\"\" href=\"https:\/\/www.youtube.com\/live\/ACXyG6r2gWE?si=xy4yGq2tqzzuL-jj\" target=\"_new\" rel=\"noopener\" data-start=\"1164\" data-end=\"1224\">https:\/\/www.youtube.com\/live\/ACXyG6r2gWE?si=xy4yGq2tqzzuL-jj<\/a>&lt;\/a&gt;<\/p>\n<p><iframe loading=\"lazy\" title=\"EL LEGADO POL\u00cdTICO Y FILOS\u00d3FICO DE MANUEL SACRIST\u00c1N. SEMINARIO DE TEXTOS. (SESI\u00d3N DE TARDE)\" width=\"800\" height=\"450\" src=\"https:\/\/www.youtube.com\/embed\/ACXyG6r2gWE?feature=oembed\" frameborder=\"0\" allow=\"accelerometer; autoplay; clipboard-write; encrypted-media; gyroscope; picture-in-picture; web-share\" referrerpolicy=\"strict-origin-when-cross-origin\" allowfullscreen><\/iframe><\/p>\n<p data-start=\"1233\" data-end=\"1344\">Este Seminario de Textos est\u00e1 organizado oficialmente dentro del Programa de Doctorado de Filosof\u00eda de la USAL.<\/p>\n<ul data-start=\"1349\" data-end=\"1718\">\n<li data-start=\"1349\" data-end=\"1441\">\n<p data-start=\"1351\" data-end=\"1441\">10:00 h \u2013 Fernando\u202fBroncano: \u00abSobre el lugar de la filosof\u00eda en los estudios superiores\u00bb<\/p>\n<\/li>\n<li data-start=\"1444\" data-end=\"1533\">\n<p data-start=\"1446\" data-end=\"1533\">12:00 h \u2013 Montserrat\u202fGalcer\u00e1n: \u00abEl trabajo cient\u00edfico de Marx y su noci\u00f3n de ciencia\u00bb<\/p>\n<\/li>\n<li data-start=\"1536\" data-end=\"1624\">\n<p data-start=\"1538\" data-end=\"1624\">16:00 h \u2013 Ignacio\u202fPerrotini: \u00abPr\u00f3logo a la edici\u00f3n catalana de <em data-start=\"1601\" data-end=\"1613\">El Capital<\/em> de Marx\u00bb<\/p>\n<\/li>\n<li data-start=\"1627\" data-end=\"1716\">\n<p data-start=\"1629\" data-end=\"1716\">18:00 h \u2013 Jos\u00e9\u202fSarri\u00f3n: \u00abTres lecciones sobre la universidad y la divisi\u00f3n del trabajo\u00bb<\/p>\n<\/li>\n<\/ul>\n<p data-start=\"1721\" data-end=\"1809\"><strong data-start=\"1721\" data-end=\"1743\">Producci\u00f3n t\u00e9cnica<\/strong> del streaming y de los v\u00eddeos: Andr\u00e9s Maldonado y Sergio S\u00e1nchez.<\/p>\n<hr \/>\n<p data-start=\"1721\" data-end=\"1809\">\n<p data-start=\"1721\" data-end=\"1809\">Datos del Seminario:<\/p>\n<h1>Raz\u00f3n, pasi\u00f3n, revoluci\u00f3n.<\/h1>\n<h2>Un estudio de las cr\u00edticas al capitalismo de Sacrist\u00e1n a partir de cuatro textos centrales.<\/h2>\n<p><em>*Descarga aqu\u00ed el programa completo del Seminario de Textos: <a href=\"https:\/\/espai-marx.net\/sacristan\/?attachment_id=1563\" rel=\"attachment wp-att-1563\">PROGRAMA Sacrist\u00e1n<\/a><\/em><\/p>\n<h3>Lunes 2 de junio, de 10 a 20 h., en Salamanca.<\/h3>\n<h3>Lugar:<\/h3>\n<p>Sala de Comisiones 219 (2\u00aa planta edificios FES). Campus Miguel de Unamuno. Universidad de Salamanca.<\/p>\n<h3>Programa<\/h3>\n<p>Coordinador: Jos\u00e9 Sarri\u00f3n Andaluz (USAL)<\/p>\n<p>En este Centenario de Sacrist\u00e1n (1925-2025) vamos a ir m\u00e1s all\u00e1 del mero homenaje, y a intentar diseccionar algunas de sus ideas con un poco m\u00e1s de profundidad.<\/p>\n<p>Para ello, hemos pedido a cuatro especialistas en filosof\u00eda de la ciencia, marxismo y econom\u00eda pol\u00edtica que, cada uno de ellos, proponga un texto que considere central de Manuel Sacrist\u00e1n, para comentarlo con los estudiantes del Programa de Doctorado en Filosof\u00eda de la USAL.<\/p>\n<p>Estos son los textos que han elegido, y en este horario los podremos comentar:<\/p>\n<p>\/\/ Resumen de programa:<\/p>\n<ul>\n<li><b>10:00: <\/b><b>Fernando Broncano (UC3M), <\/b><b><i>\u201cEl lugar de la filosof\u00eda en los estudios superiores\u201d <\/i><\/b><\/li>\n<\/ul>\n<p>\/\/ 11:45 Receso<\/p>\n<ul>\n<li><b>12:00: <\/b><b>Montserrat Galcer\u00e1n (UCM), <\/b><b><i>\u201cEl trabajo cient\u00edfico de Marx y su noci\u00f3n de ciencia\u201d <\/i><\/b><\/li>\n<\/ul>\n<p>\/\/ 14:00-15:30 &#8211; Pausa para comer<\/p>\n<ul>\n<li><b>16:00: <\/b><b>Ignacio Perrotini (UNAM, M\u00e9xico)<\/b><b>, <i>el pr\u00f3logo a la edici\u00f3n catalana de El capital de Marx <\/i><\/b><\/li>\n<\/ul>\n<p>\/\/ 17:45 Receso<\/p>\n<ul>\n<li><b>18:00: <\/b><b>Jos\u00e9 Sarri\u00f3n (USAL), <\/b><b><i>\u201cTres lecciones sobre la universidad y la divisi\u00f3n del trabajo\u201d<\/i><\/b><\/li>\n<\/ul>\n<p>&nbsp;<\/p>\n<h2>Lecturas<\/h2>\n<p>Descarga aqu\u00ed el programa completo del Seminario de Textos: <a href=\"https:\/\/espai-marx.net\/sacristan\/?attachment_id=1563\" rel=\"attachment wp-att-1563\">PROGRAMA Sacrist\u00e1n<\/a><\/p>\n<ol>\n<li>Texto 1 \u201cSobre el lugar de la filosof\u00eda en los estudios superiores\u201d<span class=\"Apple-converted-space\"> (propuesta del Prof. Fernando Broncano): <a href=\"https:\/\/espai-marx.net\/sacristan\/?attachment_id=1564\" rel=\"attachment wp-att-1564\">TEXTO 1\u00a0<\/a><\/span><\/li>\n<li>Texto 2: \u00abEl trabajo cient\u00edfico de Marx y su noci\u00f3n de ciencia\u00bb <span class=\"Apple-converted-space\">(propuesta de la Profa. Montserrat Galcer\u00e1n)<\/span>: <a href=\"https:\/\/espai-marx.net\/sacristan\/?attachment_id=1565\" rel=\"attachment wp-att-1565\">TEXTO 2\u00a0<\/a><\/li>\n<li>Texto 3 \u00abPr\u00f3logo a la 1\u00aa edici\u00f3n catalana de <em>El Capital<\/em> (Libro 1)\u00bb (propuesta del Prof. Ignacio Perrotini) <a href=\"https:\/\/espai-marx.net\/sacristan\/?attachment_id=1566\" rel=\"attachment wp-att-1566\">TEXTO 3.<\/a><\/li>\n<li>Texto 4 \u00abTres lecciones sobre la Universidad y la divisi\u00f3n del trabajo\u00bb (propuesta del Prof. Jos\u00e9 Sarri\u00f3n). <a href=\"https:\/\/espai-marx.net\/sacristan\/?attachment_id=1567\" rel=\"attachment wp-att-1567\">TEXTO 4<\/a><\/li>\n<\/ol>\n<p>&nbsp;<\/p>\n<p>&nbsp;<\/p>\n<p>&nbsp;<\/p>\n","protected":false},"excerpt":{"rendered":"<p>Ya est\u00e1n disponibles los v\u00eddeos del Seminario de Textos Raz\u00f3n, pasi\u00f3n, revoluci\u00f3n. El legado pol\u00edtico-filos\u00f3fico de Manuel Sacrist\u00e1n, que se<\/p>\n","protected":false},"author":6,"featured_media":0,"comment_status":"open","ping_status":"open","sticky":false,"template":"","format":"standard","meta":{"footnotes":""},"categories":[76],"tags":[],"class_list":["post-1631","post","type-post","status-publish","format-standard","hentry","category-noticias"],"_links":{"self":[{"href":"https:\/\/espai-marx.net\/sacristan\/index.php?rest_route=\/wp\/v2\/posts\/1631","targetHints":{"allow":["GET"]}}],"collection":[{"href":"https:\/\/espai-marx.net\/sacristan\/index.php?rest_route=\/wp\/v2\/posts"}],"about":[{"href":"https:\/\/espai-marx.net\/sacristan\/index.php?rest_route=\/wp\/v2\/types\/post"}],"author":[{"embeddable":true,"href":"https:\/\/espai-marx.net\/sacristan\/index.php?rest_route=\/wp\/v2\/users\/6"}],"replies":[{"embeddable":true,"href":"https:\/\/espai-marx.net\/sacristan\/index.php?rest_route=%2Fwp%2Fv2%2Fcomments&post=1631"}],"version-history":[{"count":1,"href":"https:\/\/espai-marx.net\/sacristan\/index.php?rest_route=\/wp\/v2\/posts\/1631\/revisions"}],"predecessor-version":[{"id":1632,"href":"https:\/\/espai-marx.net\/sacristan\/index.php?rest_route=\/wp\/v2\/posts\/1631\/revisions\/1632"}],"wp:attachment":[{"href":"https:\/\/espai-marx.net\/sacristan\/index.php?rest_route=%2Fwp%2Fv2%2Fmedia&parent=1631"}],"wp:term":[{"taxonomy":"category","embeddable":true,"href":"https:\/\/espai-marx.net\/sacristan\/index.php?rest_route=%2Fwp%2Fv2%2Fcategories&post=1631"},{"taxonomy":"post_tag","embeddable":true,"href":"https:\/\/espai-marx.net\/sacristan\/index.php?rest_route=%2Fwp%2Fv2%2Ftags&post=1631"}],"curies":[{"name":"wp","href":"https:\/\/api.w.org\/{rel}","templated":true}]}}