{"id":1747,"date":"2025-08-24T21:32:00","date_gmt":"2025-08-24T19:32:00","guid":{"rendered":"https:\/\/espai-marx.net\/sacristan\/?p=1747"},"modified":"2025-08-24T21:32:00","modified_gmt":"2025-08-24T19:32:00","slug":"manuel-cruz-publica-en-la-vanguardia-manuel-sacristan-el-filosofo-severo","status":"publish","type":"post","link":"https:\/\/espai-marx.net\/sacristan\/?p=1747","title":{"rendered":"Manuel Cruz publica en La Vanguardia \u00abManuel Sacrist\u00e1n, el fil\u00f3sofo severo\u00bb"},"content":{"rendered":"<p>El fil\u00f3sofo Manuel Cruz ha publicado un art\u00edculo conmemorando el centenario del nacimiento de Manuel Sacrist\u00e1n, destac\u00e1ndolo como el fil\u00f3sofo marxista m\u00e1s importante de Espa\u00f1a. Se trata de un especial de tres p\u00e1ginas completas publicado en el suplemento cultural de La Vanguardia el 23 de gasto de 2025.<\/p>\n<p>De acuerdo al autor, su figura se caracteriz\u00f3 por la voluntad de aunar conocimiento, responsabilidad moral y compromiso pol\u00edtico, defendiendo que \u00abpol\u00edtica sin \u00e9tica es politionaria\u00bb y \u00ab\u00e9tica sin pol\u00edtica es narcisismo\u00bb. Tambi\u00e9n destaca que su militancia comunista le acarre\u00f3 represalias acad\u00e9micas, como expulsiones universitarias y la negaci\u00f3n de una c\u00e1tedra, lo que le llev\u00f3 a realizar una ingente labor como traductor y prescriptor editorial, moldeando as\u00ed el pensamiento de la izquierda de su \u00e9poca. Sacrist\u00e1n fue pionero en advertir sobre la relaci\u00f3n entre el desarrollo tecnol\u00f3gico y el poder pol\u00edtico, y defendi\u00f3 una visi\u00f3n amplia de la emancipaci\u00f3n que integraba luchas como el feminismo y el pacifismo, distanci\u00e1ndose de las ortodoxias economicistas. Aunque su obra te\u00f3rica fue fragmentaria, su lucidez y su propuesta de integrar las dimensiones cient\u00edfica, \u00e9tica y pol\u00edtica lo convierten en un pensador de gran relevancia y actualidad para la izquierda.<\/p>\n<p>El art\u00edculo se encuentra disponible para suscriptores de LV en este enlace: https:\/\/www.lavanguardia.com\/cultura\/culturas\/20250823\/10923727\/manuel-sacristan-marxismo.html<\/p>\n","protected":false},"excerpt":{"rendered":"<p>El fil\u00f3sofo Manuel Cruz ha publicado un art\u00edculo conmemorando el centenario del nacimiento de Manuel Sacrist\u00e1n, destac\u00e1ndolo como el fil\u00f3sofo<\/p>\n","protected":false},"author":4,"featured_media":1746,"comment_status":"open","ping_status":"open","sticky":false,"template":"","format":"standard","meta":{"footnotes":""},"categories":[76],"tags":[],"class_list":["post-1747","post","type-post","status-publish","format-standard","has-post-thumbnail","hentry","category-noticias"],"_links":{"self":[{"href":"https:\/\/espai-marx.net\/sacristan\/index.php?rest_route=\/wp\/v2\/posts\/1747","targetHints":{"allow":["GET"]}}],"collection":[{"href":"https:\/\/espai-marx.net\/sacristan\/index.php?rest_route=\/wp\/v2\/posts"}],"about":[{"href":"https:\/\/espai-marx.net\/sacristan\/index.php?rest_route=\/wp\/v2\/types\/post"}],"author":[{"embeddable":true,"href":"https:\/\/espai-marx.net\/sacristan\/index.php?rest_route=\/wp\/v2\/users\/4"}],"replies":[{"embeddable":true,"href":"https:\/\/espai-marx.net\/sacristan\/index.php?rest_route=%2Fwp%2Fv2%2Fcomments&post=1747"}],"version-history":[{"count":1,"href":"https:\/\/espai-marx.net\/sacristan\/index.php?rest_route=\/wp\/v2\/posts\/1747\/revisions"}],"predecessor-version":[{"id":1748,"href":"https:\/\/espai-marx.net\/sacristan\/index.php?rest_route=\/wp\/v2\/posts\/1747\/revisions\/1748"}],"wp:featuredmedia":[{"embeddable":true,"href":"https:\/\/espai-marx.net\/sacristan\/index.php?rest_route=\/wp\/v2\/media\/1746"}],"wp:attachment":[{"href":"https:\/\/espai-marx.net\/sacristan\/index.php?rest_route=%2Fwp%2Fv2%2Fmedia&parent=1747"}],"wp:term":[{"taxonomy":"category","embeddable":true,"href":"https:\/\/espai-marx.net\/sacristan\/index.php?rest_route=%2Fwp%2Fv2%2Fcategories&post=1747"},{"taxonomy":"post_tag","embeddable":true,"href":"https:\/\/espai-marx.net\/sacristan\/index.php?rest_route=%2Fwp%2Fv2%2Ftags&post=1747"}],"curies":[{"name":"wp","href":"https:\/\/api.w.org\/{rel}","templated":true}]}}