{"id":1821,"date":"2025-09-03T12:02:03","date_gmt":"2025-09-03T10:02:03","guid":{"rendered":"https:\/\/espai-marx.net\/sacristan\/?p=1821"},"modified":"2025-09-03T12:02:03","modified_gmt":"2025-09-03T10:02:03","slug":"la-revista-francesa-contretemps-publica-dos-articulos-sobre-sacristan","status":"publish","type":"post","link":"https:\/\/espai-marx.net\/sacristan\/?p=1821","title":{"rendered":"La revista francesa CONTRETEMPS publica dos art\u00edculos sobre Sacrist\u00e1n"},"content":{"rendered":"<p data-start=\"134\" data-end=\"537\">La revista francesa <strong data-start=\"154\" data-end=\"169\">CONTRETEMPS<\/strong> ha puesto recientemente el foco en la figura de Manuel Sacrist\u00e1n. En su n\u00famero impreso 66, correspondiente a julio de 2025, public\u00f3 la biograf\u00eda <em data-start=\"349\" data-end=\"417\">Manuel Sacrist\u00e1n: un portrait personnel, intellectuel et politique<\/em>, escrita por <strong data-start=\"431\" data-end=\"450\">Joaquim Sempere<\/strong>, que es una traducci\u00f3n de la aparecida en <em data-start=\"493\" data-end=\"509\">MIENTRAS TANTO<\/em> n\u00ba 242 (febrero de 2025).<\/p>\n<p data-start=\"539\" data-end=\"875\">Adem\u00e1s, la versi\u00f3n digital de la revista ofrece el art\u00edculo <em data-start=\"599\" data-end=\"659\">Manuel Sacrist\u00e1n: le premier marxiste \u00e9cologique europ\u00e9en?<\/em>, de <strong>Enric Tello<\/strong>, traducci\u00f3n del publicado en <em data-start=\"708\" data-end=\"724\">MIENTRAS TANTO<\/em> n\u00ba 245 (mayo de 2025). Este art\u00edculo est\u00e1 disponible para su lectura en l\u00ednea en <a href=\"https:\/\/lesdossiers-contretemps.org\/2025\/08\/12\/manuel-sacristan-le-premier-marxiste-ecologique-europeen-par-enric-tello\/\">lesdossiers-contretemps.org.<\/a><\/p>\n<p data-start=\"877\" data-end=\"1039\">Ambos textos permiten asomarse a la vida y pensamiento de Sacrist\u00e1n, destacando su trayectoria intelectual y su influencia en el marxismo y la ecolog\u00eda europea.<\/p>\n","protected":false},"excerpt":{"rendered":"<p>La revista francesa CONTRETEMPS ha puesto recientemente el foco en la figura de Manuel Sacrist\u00e1n. En su n\u00famero impreso 66,<\/p>\n","protected":false},"author":4,"featured_media":1822,"comment_status":"open","ping_status":"open","sticky":false,"template":"","format":"standard","meta":{"footnotes":""},"categories":[66,76],"tags":[],"class_list":["post-1821","post","type-post","status-publish","format-standard","has-post-thumbnail","hentry","category-comentarios","category-noticias"],"_links":{"self":[{"href":"https:\/\/espai-marx.net\/sacristan\/index.php?rest_route=\/wp\/v2\/posts\/1821","targetHints":{"allow":["GET"]}}],"collection":[{"href":"https:\/\/espai-marx.net\/sacristan\/index.php?rest_route=\/wp\/v2\/posts"}],"about":[{"href":"https:\/\/espai-marx.net\/sacristan\/index.php?rest_route=\/wp\/v2\/types\/post"}],"author":[{"embeddable":true,"href":"https:\/\/espai-marx.net\/sacristan\/index.php?rest_route=\/wp\/v2\/users\/4"}],"replies":[{"embeddable":true,"href":"https:\/\/espai-marx.net\/sacristan\/index.php?rest_route=%2Fwp%2Fv2%2Fcomments&post=1821"}],"version-history":[{"count":1,"href":"https:\/\/espai-marx.net\/sacristan\/index.php?rest_route=\/wp\/v2\/posts\/1821\/revisions"}],"predecessor-version":[{"id":1823,"href":"https:\/\/espai-marx.net\/sacristan\/index.php?rest_route=\/wp\/v2\/posts\/1821\/revisions\/1823"}],"wp:featuredmedia":[{"embeddable":true,"href":"https:\/\/espai-marx.net\/sacristan\/index.php?rest_route=\/wp\/v2\/media\/1822"}],"wp:attachment":[{"href":"https:\/\/espai-marx.net\/sacristan\/index.php?rest_route=%2Fwp%2Fv2%2Fmedia&parent=1821"}],"wp:term":[{"taxonomy":"category","embeddable":true,"href":"https:\/\/espai-marx.net\/sacristan\/index.php?rest_route=%2Fwp%2Fv2%2Fcategories&post=1821"},{"taxonomy":"post_tag","embeddable":true,"href":"https:\/\/espai-marx.net\/sacristan\/index.php?rest_route=%2Fwp%2Fv2%2Ftags&post=1821"}],"curies":[{"name":"wp","href":"https:\/\/api.w.org\/{rel}","templated":true}]}}